{"id":9226,"date":"2023-05-30T17:34:46","date_gmt":"2023-05-30T15:34:46","guid":{"rendered":"https:\/\/www.lafresca.fm\/?p=9226"},"modified":"2023-05-30T17:34:49","modified_gmt":"2023-05-30T15:34:49","slug":"entrevista-subida-a-les-revoltes-dibi-los-dias-2-3-y-4-de-junio","status":"publish","type":"post","link":"https:\/\/www.lafresca.fm\/entrevista-subida-a-les-revoltes-dibi-los-dias-2-3-y-4-de-junio\/","title":{"rendered":"Entrevista Subida a les Revoltes d&#8217;Ibi. Los d\u00edas 2, 3 y 4 de Junio"},"content":{"rendered":"\n<p>\ud83d\udcfb LA_ENTREVISTA: Los d\u00edas 2, 3 y 4 de junio Ibi acoge una nueva edici\u00f3n de la Subida a Les Revoltes d&#8217;Ibi, Trofeo Villa del Juguete y para ello nos visita Pepe Palau, Manolo S\u00e1nchez e Idelfonso Tortosa, Concejal de Deportes del Ayuntamiento de Ibi, Director de la Prueba y Jefe de Seguridad respectivamente. Nos han contado lo que significa para la localidad acoger este tipo de eventos, ya que aparte de deporte es turismo, restauraci\u00f3n, servicios, etc.<\/p>\n\n\n\n<p>\ud83d\udce1 laFRESCA, EMISORA OFICIAL. A trav\u00e9s de nuestro dial 91.5 FM y Web <a href=\"www.lafrescafm.com\">www.lafrescafm.com<\/a> realizaremos la retransmisi\u00f3n \u00edntegra de la prueba, informando de todo lo que suceda, con entrevistas a los protagonistas, tiempos en directo, pilotos y curiosidades de la prueba.<\/p>\n\n\n\n<p><\/p>\n\n\n\n<figure class=\"wp-block-audio\"><audio controls src=\"https:\/\/www.lafresca.fm\/f-solosog\/2023\/05\/ENTREVISTA-Subida-Ibi-2023-30523-OK.mp3\"><\/audio><\/figure>\n\n\n\n<figure class=\"wp-block-image size-large\"><img fetchpriority=\"high\" decoding=\"async\" width=\"1170\" height=\"878\" src=\"https:\/\/www.lafresca.fm\/f-solosog\/2023\/05\/subida-a-les-revoltes-30523-1170x878.jpg\" alt=\"\" class=\"wp-image-9229\" srcset=\"https:\/\/www.lafresca.fm\/f-solosog\/2023\/05\/subida-a-les-revoltes-30523-1170x878.jpg 1170w, https:\/\/www.lafresca.fm\/f-solosog\/2023\/05\/subida-a-les-revoltes-30523-770x578.jpg 770w, https:\/\/www.lafresca.fm\/f-solosog\/2023\/05\/subida-a-les-revoltes-30523-768x576.jpg 768w, https:\/\/www.lafresca.fm\/f-solosog\/2023\/05\/subida-a-les-revoltes-30523-1536x1152.jpg 1536w, https:\/\/www.lafresca.fm\/f-solosog\/2023\/05\/subida-a-les-revoltes-30523.jpg 2000w\" sizes=\"(max-width: 1170px) 100vw, 1170px\" \/><\/figure>\n<script>function PlayerjsAsync(){} if(window[\"Playerjs\"]){PlayerjsAsync();}<\/script>","protected":false},"excerpt":{"rendered":"<p>laFRESCA, EMISORA OFICIAL<\/p>\n","protected":false},"author":2,"featured_media":9229,"comment_status":"closed","ping_status":"closed","sticky":false,"template":"","format":"standard","meta":{"_monsterinsights_skip_tracking":false,"_monsterinsights_sitenote_active":false,"_monsterinsights_sitenote_note":"","_monsterinsights_sitenote_category":0,"footnotes":""},"categories":[4],"tags":[128,413],"class_list":["post-9226","post","type-post","status-publish","format-standard","has-post-thumbnail","hentry","category-alicante","tag-ibi","tag-subida-a-les-revoltes-2023"],"aioseo_notices":[],"_links":{"self":[{"href":"https:\/\/www.lafresca.fm\/fresca-api-json\/wp\/v2\/posts\/9226","targetHints":{"allow":["GET"]}}],"collection":[{"href":"https:\/\/www.lafresca.fm\/fresca-api-json\/wp\/v2\/posts"}],"about":[{"href":"https:\/\/www.lafresca.fm\/fresca-api-json\/wp\/v2\/types\/post"}],"author":[{"embeddable":true,"href":"https:\/\/www.lafresca.fm\/fresca-api-json\/wp\/v2\/users\/2"}],"replies":[{"embeddable":true,"href":"https:\/\/www.lafresca.fm\/fresca-api-json\/wp\/v2\/comments?post=9226"}],"version-history":[{"count":1,"href":"https:\/\/www.lafresca.fm\/fresca-api-json\/wp\/v2\/posts\/9226\/revisions"}],"predecessor-version":[{"id":9230,"href":"https:\/\/www.lafresca.fm\/fresca-api-json\/wp\/v2\/posts\/9226\/revisions\/9230"}],"wp:featuredmedia":[{"embeddable":true,"href":"https:\/\/www.lafresca.fm\/fresca-api-json\/wp\/v2\/media\/9229"}],"wp:attachment":[{"href":"https:\/\/www.lafresca.fm\/fresca-api-json\/wp\/v2\/media?parent=9226"}],"wp:term":[{"taxonomy":"category","embeddable":true,"href":"https:\/\/www.lafresca.fm\/fresca-api-json\/wp\/v2\/categories?post=9226"},{"taxonomy":"post_tag","embeddable":true,"href":"https:\/\/www.lafresca.fm\/fresca-api-json\/wp\/v2\/tags?post=9226"}],"curies":[{"name":"wp","href":"https:\/\/api.w.org\/{rel}","templated":true}]}}