{"id":9339,"date":"2023-06-07T08:42:15","date_gmt":"2023-06-07T06:42:15","guid":{"rendered":"https:\/\/www.lafresca.fm\/?p=9339"},"modified":"2023-06-07T08:42:17","modified_gmt":"2023-06-07T06:42:17","slug":"somriu-y-decathlon-llenaron-el-pabellon-de-ibi-en-un-partido-benefico-de-futbol-sala-semenino","status":"publish","type":"post","link":"https:\/\/www.lafresca.fm\/somriu-y-decathlon-llenaron-el-pabellon-de-ibi-en-un-partido-benefico-de-futbol-sala-semenino\/","title":{"rendered":"Somriu y Decathlon llenaron el pabell\u00f3n de Ibi en un partido ben\u00e9fico de F\u00fatbol Sala Semenino"},"content":{"rendered":"\n<p>La grada del Pabell\u00f3n Rub\u00e9n Plaza de Ibi se llenaba el martes 6 de junio por la tarde, en un partido ben\u00e9fico que enfrentaba a los equipos femeninos del <a href=\"https:\/\/www.facebook.com\/roldanfsf?__cft__[0]=AZU--0s9aIiIg--h0p2l-IKp6znrkZ_zjL6XjjVVekGuxhEGYgbuJYil-TnQeWrBAHgVUc5ZENcEyVzQsS6x9MQgW4Vbzx05dF7jmJ2_Fm_qAnFGmJ-vx-rma1BgXYZYEizoeSylJa0e0v2eBI0mE3xtgE2d2SngRh6NWZ25gwBZ8MVzokQFi_SbH3KuW2Ck0wc&amp;__tn__=-]K-R\">STV Rold\u00e1n FSF<\/a> con el <a href=\"https:\/\/www.facebook.com\/UAfutbol?__cft__[0]=AZU--0s9aIiIg--h0p2l-IKp6znrkZ_zjL6XjjVVekGuxhEGYgbuJYil-TnQeWrBAHgVUc5ZENcEyVzQsS6x9MQgW4Vbzx05dF7jmJ2_Fm_qAnFGmJ-vx-rma1BgXYZYEizoeSylJa0e0v2eBI0mE3xtgE2d2SngRh6NWZ25gwBZ8MVzokQFi_SbH3KuW2Ck0wc&amp;__tn__=-]K-R\">Universitat d\u2019Alacant Futbol<\/a>. Se trataba de un evento que gracias a la fundaci\u00f3n <a href=\"https:\/\/www.facebook.com\/decathloncocentaina\/?__cft__[0]=AZU--0s9aIiIg--h0p2l-IKp6znrkZ_zjL6XjjVVekGuxhEGYgbuJYil-TnQeWrBAHgVUc5ZENcEyVzQsS6x9MQgW4Vbzx05dF7jmJ2_Fm_qAnFGmJ-vx-rma1BgXYZYEizoeSylJa0e0v2eBI0mE3xtgE2d2SngRh6NWZ25gwBZ8MVzokQFi_SbH3KuW2Ck0wc&amp;__tn__=kK-R\">Decathlon Cocentaina<\/a> y la asociaci\u00f3n <a href=\"https:\/\/www.facebook.com\/associaciosomriu?__cft__[0]=AZU--0s9aIiIg--h0p2l-IKp6znrkZ_zjL6XjjVVekGuxhEGYgbuJYil-TnQeWrBAHgVUc5ZENcEyVzQsS6x9MQgW4Vbzx05dF7jmJ2_Fm_qAnFGmJ-vx-rma1BgXYZYEizoeSylJa0e0v2eBI0mE3xtgE2d2SngRh6NWZ25gwBZ8MVzokQFi_SbH3KuW2Ck0wc&amp;__tn__=-]K-R\">Somriu<\/a> ha podido reunir a ambos equipos y donde las jugadoras han demostrado, una vez m\u00e1s, su solidaridad y buen f\u00fatbol.<\/p>\n\n\n\n<p>La Associaci\u00f3 Somriu es una entidad sin \u00e1nimo de lucro, que se forma en Ibi en el a\u00f1o 2017 por un grupo de j\u00f3venes comprometidas con la igualdad y la inclusi\u00f3n social de todas las personas. Surge de las demandas de las personas con discapacidad y las familias de la provincia de Alicante; as\u00ed como de la necesidad de que existan servicios para fomentar su autonom\u00eda personal y espacios donde desarrollar sus habilidades sociales para facilitar su convivencia con el resto de la comunidad.<\/p>\n\n\n\n<figure class=\"wp-block-image size-large\"><img fetchpriority=\"high\" decoding=\"async\" width=\"1170\" height=\"878\" src=\"https:\/\/www.lafresca.fm\/f-solosog\/2023\/06\/347255197_221772063964674_4361220059909225540_n-1170x878.jpg\" alt=\"\" class=\"wp-image-9340\" srcset=\"https:\/\/www.lafresca.fm\/f-solosog\/2023\/06\/347255197_221772063964674_4361220059909225540_n-1170x878.jpg 1170w, https:\/\/www.lafresca.fm\/f-solosog\/2023\/06\/347255197_221772063964674_4361220059909225540_n-770x578.jpg 770w, https:\/\/www.lafresca.fm\/f-solosog\/2023\/06\/347255197_221772063964674_4361220059909225540_n-768x576.jpg 768w, https:\/\/www.lafresca.fm\/f-solosog\/2023\/06\/347255197_221772063964674_4361220059909225540_n-1536x1152.jpg 1536w, https:\/\/www.lafresca.fm\/f-solosog\/2023\/06\/347255197_221772063964674_4361220059909225540_n.jpg 2048w\" sizes=\"(max-width: 1170px) 100vw, 1170px\" \/><\/figure>\n<script>function PlayerjsAsync(){} if(window[\"Playerjs\"]){PlayerjsAsync();}<\/script>","protected":false},"excerpt":{"rendered":"<p>La Associaci\u00f3 Somriu es una entidad sin \u00e1nimo de lucro, que se forma en Ibi en el a\u00f1o 2017<\/p>\n","protected":false},"author":2,"featured_media":9340,"comment_status":"closed","ping_status":"closed","sticky":false,"template":"","format":"standard","meta":{"_monsterinsights_skip_tracking":false,"_monsterinsights_sitenote_active":false,"_monsterinsights_sitenote_note":"","_monsterinsights_sitenote_category":0,"footnotes":""},"categories":[4],"tags":[128,453],"class_list":["post-9339","post","type-post","status-publish","format-standard","has-post-thumbnail","hentry","category-alicante","tag-ibi","tag-somriu"],"aioseo_notices":[],"_links":{"self":[{"href":"https:\/\/www.lafresca.fm\/fresca-api-json\/wp\/v2\/posts\/9339","targetHints":{"allow":["GET"]}}],"collection":[{"href":"https:\/\/www.lafresca.fm\/fresca-api-json\/wp\/v2\/posts"}],"about":[{"href":"https:\/\/www.lafresca.fm\/fresca-api-json\/wp\/v2\/types\/post"}],"author":[{"embeddable":true,"href":"https:\/\/www.lafresca.fm\/fresca-api-json\/wp\/v2\/users\/2"}],"replies":[{"embeddable":true,"href":"https:\/\/www.lafresca.fm\/fresca-api-json\/wp\/v2\/comments?post=9339"}],"version-history":[{"count":1,"href":"https:\/\/www.lafresca.fm\/fresca-api-json\/wp\/v2\/posts\/9339\/revisions"}],"predecessor-version":[{"id":9341,"href":"https:\/\/www.lafresca.fm\/fresca-api-json\/wp\/v2\/posts\/9339\/revisions\/9341"}],"wp:featuredmedia":[{"embeddable":true,"href":"https:\/\/www.lafresca.fm\/fresca-api-json\/wp\/v2\/media\/9340"}],"wp:attachment":[{"href":"https:\/\/www.lafresca.fm\/fresca-api-json\/wp\/v2\/media?parent=9339"}],"wp:term":[{"taxonomy":"category","embeddable":true,"href":"https:\/\/www.lafresca.fm\/fresca-api-json\/wp\/v2\/categories?post=9339"},{"taxonomy":"post_tag","embeddable":true,"href":"https:\/\/www.lafresca.fm\/fresca-api-json\/wp\/v2\/tags?post=9339"}],"curies":[{"name":"wp","href":"https:\/\/api.w.org\/{rel}","templated":true}]}}