{"id":9342,"date":"2023-06-07T10:01:10","date_gmt":"2023-06-07T08:01:10","guid":{"rendered":"https:\/\/www.lafresca.fm\/?p=9342"},"modified":"2023-06-07T10:40:26","modified_gmt":"2023-06-07T08:40:26","slug":"el-pp-y-vox-a-la-espera-del-recuento-de-3-votos-de-los-300-nulos-para-saber-si-pueden-gobernar-en-ibi","status":"publish","type":"post","link":"https:\/\/www.lafresca.fm\/el-pp-y-vox-a-la-espera-del-recuento-de-3-votos-de-los-300-nulos-para-saber-si-pueden-gobernar-en-ibi\/","title":{"rendered":"El PP y Vox, a la espera del recuento de 3 votos de los 300 nulos para saber si pueden gobernar en Ibi"},"content":{"rendered":"\n<p>La p\u00e9rdida de 800 votos en el mismo bloque (Cs, Contigo, ADIN) pone en peligro la mayor mayor\u00eda absoluta en 2019 del PP en L&#8217;Alcoi\u00e0-Comtat.<\/p>\n\n\n\n<p id=\"paragraph_1\">Tres votos separan al alcalde&nbsp;<em>popular<\/em>&nbsp;de<a href=\"https:\/\/www.elespanol.com\/alicante\/vivir\/20221226\/cosas-debes-visitar-ibi-ciudad-juguete\/573443100_0.html\">&nbsp;Ibi<\/a>, Rafael Serralta, de conseguir un concejal m\u00e1s seg\u00fan la&nbsp;Ley d&#8217;Hondt y poder volver a gobernar en Ibi,&nbsp;<strong>uno de los municipios m\u00e1s pujantes de l&#8217;Alcoi\u00e0-Comtat y \u00e9l \u00fanico en el PP sac\u00f3 mayor\u00eda absoluta en 2019<\/strong>. Por eso, en estos momentos siguen busc\u00e1ndolos entre los alrededor de 300 nulos que se registraron el domingo 28 de mayo en las mesas electorales del municipio.<\/p>\n\n\n\n<p id=\"paragraph_2\">Serralta obtuvo&nbsp;4.572 votos (37,7%) y bajaba as\u00ed&nbsp;<strong>de 11 concejales de los 21 que tiene la corporaci\u00f3n municipal a 9.<\/strong>&nbsp;El PSOE de Sergio Carrasco logr\u00f3 3.202 (26,4%) igualando la marca de la pasada legislatura, 7 concejales. Pero lo curioso del caso es que Carrasco sac\u00f3 casi 400 votos menos que Puig en el municipio en las auton\u00f3micas.<\/p>\n\n\n\n<p>Por su parte,&nbsp;<strong>Comprom\u00eds de Aitana Gand\u00eda logr\u00f3 2.126 votos (17,5%) obteniendo 4 concejales.<\/strong>&nbsp;Un ascenso fulgurante ya que durante el anterior mandato los nacionalistas no tuvieron representaci\u00f3n precisamente porque Comprom\u00eds se neg\u00f3 a que Gand\u00eda fuese la candidata y \u00e9sta mont\u00f3 otro partido (Som Ibi), que ahora ha concurrido a las elecciones en coalici\u00f3n con Comprom\u00eds.<\/p>\n\n\n\n<p id=\"paragraph_5\">Finalmente,<strong>\u00a0Vox ha logrado un concejal con sus 662 votos al filo de la barrera electoral, con 5,4%.<\/strong>\u00a0As\u00ed las cosas, los 9 del PP y el concejal de Vox no dar\u00edan para una mayor\u00eda frente a la izquierda. <\/p>\n\n\n\n<p id=\"paragraph_6\">Lo curioso de estas elecciones es que<strong>&nbsp;la derecha ha perdido cerca de 800 votos en formaciones que no han conseguid representaci\u00f3n<\/strong>&nbsp;por no alcanzar es 5% de la barrera electoral:&nbsp;529 de Cs (4,36%),&nbsp;270 de Contigo (2,22%) y&nbsp;156 de ADIN (1,28%), una formaci\u00f3n pol\u00edtica situada a la derecha de Vox y que no tiene nada que ver con ADI, el partido local que termin\u00f3 desembocando en Cs.<\/p>\n\n\n\n<p id=\"paragraph_8\"><strong>Serralta ha pagado el desgaste de su propia mayor\u00eda absoluta<\/strong>&nbsp;y el hecho de que durante los \u00faltimos cuatro a\u00f1os su partido no le ha dado la proyecci\u00f3n que necesitaba en una comarca donde es el municipio m\u00e1s pujante econ\u00f3micamente. Tambi\u00e9n, el hecho de que EU y Podemos han desaparecido el mapa electoral con el gran aumento por parte de Comprom\u00eds.<\/p>\n\n\n\n<p>Fuente: El Espa\u00f1ol <\/p>\n\n\n\n<p><\/p>\n<script>function PlayerjsAsync(){} if(window[\"Playerjs\"]){PlayerjsAsync();}<\/script>","protected":false},"excerpt":{"rendered":"<p>Psoe y Som Ibi est\u00e1n negociando si repartirse la Alcald\u00eda durante dos a\u00f1os cada uno, afirman fuentes municipales<\/p>\n","protected":false},"author":2,"featured_media":9343,"comment_status":"closed","ping_status":"closed","sticky":false,"template":"","format":"standard","meta":{"_monsterinsights_skip_tracking":false,"_monsterinsights_sitenote_active":false,"_monsterinsights_sitenote_note":"","_monsterinsights_sitenote_category":0,"footnotes":""},"categories":[4],"tags":[128],"class_list":["post-9342","post","type-post","status-publish","format-standard","has-post-thumbnail","hentry","category-alicante","tag-ibi"],"aioseo_notices":[],"_links":{"self":[{"href":"https:\/\/www.lafresca.fm\/fresca-api-json\/wp\/v2\/posts\/9342","targetHints":{"allow":["GET"]}}],"collection":[{"href":"https:\/\/www.lafresca.fm\/fresca-api-json\/wp\/v2\/posts"}],"about":[{"href":"https:\/\/www.lafresca.fm\/fresca-api-json\/wp\/v2\/types\/post"}],"author":[{"embeddable":true,"href":"https:\/\/www.lafresca.fm\/fresca-api-json\/wp\/v2\/users\/2"}],"replies":[{"embeddable":true,"href":"https:\/\/www.lafresca.fm\/fresca-api-json\/wp\/v2\/comments?post=9342"}],"version-history":[{"count":2,"href":"https:\/\/www.lafresca.fm\/fresca-api-json\/wp\/v2\/posts\/9342\/revisions"}],"predecessor-version":[{"id":9345,"href":"https:\/\/www.lafresca.fm\/fresca-api-json\/wp\/v2\/posts\/9342\/revisions\/9345"}],"wp:featuredmedia":[{"embeddable":true,"href":"https:\/\/www.lafresca.fm\/fresca-api-json\/wp\/v2\/media\/9343"}],"wp:attachment":[{"href":"https:\/\/www.lafresca.fm\/fresca-api-json\/wp\/v2\/media?parent=9342"}],"wp:term":[{"taxonomy":"category","embeddable":true,"href":"https:\/\/www.lafresca.fm\/fresca-api-json\/wp\/v2\/categories?post=9342"},{"taxonomy":"post_tag","embeddable":true,"href":"https:\/\/www.lafresca.fm\/fresca-api-json\/wp\/v2\/tags?post=9342"}],"curies":[{"name":"wp","href":"https:\/\/api.w.org\/{rel}","templated":true}]}}