{"id":9382,"date":"2023-06-13T10:43:48","date_gmt":"2023-06-13T08:43:48","guid":{"rendered":"https:\/\/www.lafresca.fm\/?p=9382"},"modified":"2023-06-13T12:02:48","modified_gmt":"2023-06-13T10:02:48","slug":"un-joven-de-19-anos-ataca-con-un-cuchillo-a-un-hombre-que-salia-del-polideportivo-de-ibi","status":"publish","type":"post","link":"https:\/\/www.lafresca.fm\/un-joven-de-19-anos-ataca-con-un-cuchillo-a-un-hombre-que-salia-del-polideportivo-de-ibi\/","title":{"rendered":"Un joven de 19 a\u00f1os ataca con un cuchillo a un hombre que sal\u00eda del polideportivo de Ibi"},"content":{"rendered":"\n<p>Un joven de 19 a\u00f1os era detenido en la noche de este lunes 12 de junio en la Avenida de la Provincia, despu\u00e9s de atacar a un hombre que sal\u00eda de entrenar del Polideportivo de Ibi. El suceso ocurri\u00f3 pasadas las 22:00\u202fh, seg\u00fan ha comunicado la propia polic\u00eda local. <\/p>\n\n\n\n<figure class=\"wp-block-image size-large is-resized\"><img fetchpriority=\"high\" decoding=\"async\" src=\"https:\/\/www.lafresca.fm\/f-solosog\/2023\/06\/79fbe473-8df1-4bf6-800d-d24df29eed88-658x1170.jpeg\" alt=\"\" class=\"wp-image-9383\" width=\"515\" height=\"915\" srcset=\"https:\/\/www.lafresca.fm\/f-solosog\/2023\/06\/79fbe473-8df1-4bf6-800d-d24df29eed88-658x1170.jpeg 658w, https:\/\/www.lafresca.fm\/f-solosog\/2023\/06\/79fbe473-8df1-4bf6-800d-d24df29eed88-433x770.jpeg 433w, https:\/\/www.lafresca.fm\/f-solosog\/2023\/06\/79fbe473-8df1-4bf6-800d-d24df29eed88-768x1365.jpeg 768w, https:\/\/www.lafresca.fm\/f-solosog\/2023\/06\/79fbe473-8df1-4bf6-800d-d24df29eed88-864x1536.jpeg 864w, https:\/\/www.lafresca.fm\/f-solosog\/2023\/06\/79fbe473-8df1-4bf6-800d-d24df29eed88.jpeg 900w\" sizes=\"(max-width: 515px) 100vw, 515px\" \/><\/figure>\n\n\n\n<p>Hasta el lugar del suceso acud\u00eda tanto Polic\u00eda como Guardia Civil para atender a la v\u00edctima que se encontraba tirado en el suelo debido a que hab\u00eda sido atacado en el cuello y otras partes del cuerpo y perd\u00eda mucha sangre. <\/p>\n\n\n\n<p>R\u00e1pidamente, llegaba una ambulancia para atender a la v\u00edctima, comprobando de que ten\u00eda un corte de consideraci\u00f3n en el cuello y a solo medio cent\u00edmetro de la yugular. El herido era estabilizado y su vida no corre peligro. <\/p>\n\n\n\n<p><strong><em>Momento de la detenci\u00f3n <\/em><\/strong><\/p>\n\n\n\n<figure class=\"wp-block-video\"><video height=\"848\" style=\"aspect-ratio: 480 \/ 848;\" width=\"480\" controls src=\"https:\/\/www.lafresca.fm\/f-solosog\/2023\/06\/WhatsApp-Video-2023-06-13-at-08.19.47.mp4\"><\/video><\/figure>\n\n\n\n<p>Vecinos de la Calle Ja\u00e9n, lugar donde ocurrieron los hechos, ayudaron con toallas a taponar la herida para evitar que el hombre se desangrase. El joven, una vez atac\u00f3 a su v\u00edctima, huy\u00f3 del sitio, desplaz\u00e1ndose hasta la zona del Pou de Neu, acerc\u00e1ndose a varios j\u00f3venes que caminaban por la zona, totalmente ensangrentado y con el arma todav\u00eda en la mano.<\/p>\n\n\n\n<figure class=\"wp-block-image size-large is-resized\"><img decoding=\"async\" src=\"https:\/\/www.lafresca.fm\/f-solosog\/2023\/06\/88ac82b2120b835f4417429108b450a2_xl-1170x780.jpeg\" alt=\"\" class=\"wp-image-9388\" width=\"829\" height=\"553\" srcset=\"https:\/\/www.lafresca.fm\/f-solosog\/2023\/06\/88ac82b2120b835f4417429108b450a2_xl-1170x780.jpeg 1170w, https:\/\/www.lafresca.fm\/f-solosog\/2023\/06\/88ac82b2120b835f4417429108b450a2_xl-770x513.jpeg 770w, https:\/\/www.lafresca.fm\/f-solosog\/2023\/06\/88ac82b2120b835f4417429108b450a2_xl-768x512.jpeg 768w, https:\/\/www.lafresca.fm\/f-solosog\/2023\/06\/88ac82b2120b835f4417429108b450a2_xl.jpeg 1200w\" sizes=\"(max-width: 829px) 100vw, 829px\" \/><\/figure>\n\n\n\n<p>Finalmente, fue detenido a la altura de la Calle Virgen de la Esperanza por parte de Polic\u00eda y Guardia Civil. En este momento se est\u00e1n investigando las causas de la agresi\u00f3n, aunque se baraja de que el joven sufri\u00f3 un brote psic\u00f3tico, ya que agresor y v\u00edctima no se conoc\u00edan de nada.<\/p>\n\n\n\n<p>Deseamos a la v\u00edctima una pronta recuperaci\u00f3n<\/p>\n<script>function PlayerjsAsync(){} if(window[\"Playerjs\"]){PlayerjsAsync();}<\/script>","protected":false},"excerpt":{"rendered":"<p>El suceso ocurri\u00f3 pasadas las 22:00\u202fh, seg\u00fan ha comunicado la propia polic\u00eda local.<\/p>\n","protected":false},"author":2,"featured_media":9383,"comment_status":"closed","ping_status":"closed","sticky":false,"template":"","format":"standard","meta":{"_monsterinsights_skip_tracking":false,"_monsterinsights_sitenote_active":false,"_monsterinsights_sitenote_note":"","_monsterinsights_sitenote_category":0,"footnotes":""},"categories":[4],"tags":[128],"class_list":["post-9382","post","type-post","status-publish","format-standard","has-post-thumbnail","hentry","category-alicante","tag-ibi"],"aioseo_notices":[],"_links":{"self":[{"href":"https:\/\/www.lafresca.fm\/fresca-api-json\/wp\/v2\/posts\/9382","targetHints":{"allow":["GET"]}}],"collection":[{"href":"https:\/\/www.lafresca.fm\/fresca-api-json\/wp\/v2\/posts"}],"about":[{"href":"https:\/\/www.lafresca.fm\/fresca-api-json\/wp\/v2\/types\/post"}],"author":[{"embeddable":true,"href":"https:\/\/www.lafresca.fm\/fresca-api-json\/wp\/v2\/users\/2"}],"replies":[{"embeddable":true,"href":"https:\/\/www.lafresca.fm\/fresca-api-json\/wp\/v2\/comments?post=9382"}],"version-history":[{"count":3,"href":"https:\/\/www.lafresca.fm\/fresca-api-json\/wp\/v2\/posts\/9382\/revisions"}],"predecessor-version":[{"id":9389,"href":"https:\/\/www.lafresca.fm\/fresca-api-json\/wp\/v2\/posts\/9382\/revisions\/9389"}],"wp:featuredmedia":[{"embeddable":true,"href":"https:\/\/www.lafresca.fm\/fresca-api-json\/wp\/v2\/media\/9383"}],"wp:attachment":[{"href":"https:\/\/www.lafresca.fm\/fresca-api-json\/wp\/v2\/media?parent=9382"}],"wp:term":[{"taxonomy":"category","embeddable":true,"href":"https:\/\/www.lafresca.fm\/fresca-api-json\/wp\/v2\/categories?post=9382"},{"taxonomy":"post_tag","embeddable":true,"href":"https:\/\/www.lafresca.fm\/fresca-api-json\/wp\/v2\/tags?post=9382"}],"curies":[{"name":"wp","href":"https:\/\/api.w.org\/{rel}","templated":true}]}}