{"id":9390,"date":"2023-06-13T16:52:39","date_gmt":"2023-06-13T14:52:39","guid":{"rendered":"https:\/\/www.lafresca.fm\/?p=9390"},"modified":"2023-06-13T17:10:36","modified_gmt":"2023-06-13T15:10:36","slug":"el-club-billar-castalla-se-proclama-subcampeon-de-espana-por-equipos-en-segunda-nacional","status":"publish","type":"post","link":"https:\/\/www.lafresca.fm\/el-club-billar-castalla-se-proclama-subcampeon-de-espana-por-equipos-en-segunda-nacional\/","title":{"rendered":"El Club Billar Castalla se proclama Subcampeon de Espa\u00f1a por equipos en Segunda  Nacional"},"content":{"rendered":"\n<p>El equipo B del Club Billar Castalla consigue la medalla de plata de la Liga Nacional en Segunda Divisi\u00f3n. <\/p>\n\n\n\n<p>Despu\u00e9s de una liga regular donde el equipo gan\u00f3 las 10 jornadas jugadas, este fin de semana se disputaba los PlayOff de ascenso a primera divisi\u00f3n en la ciudad de Valladolid. Cuatro plazas de ascenso a la primera divisi\u00f3n y donde el C.B.Castalla se colg\u00f3 la medalla de plata. \u00a1\u00a1ENHORABUENA\u00a1\u00a1 <\/p>\n\n\n\n<figure class=\"wp-block-image size-large\"><img fetchpriority=\"high\" decoding=\"async\" width=\"1170\" height=\"878\" src=\"https:\/\/www.lafresca.fm\/f-solosog\/2023\/06\/353792325_721535543110669_4350191445404852535_n-1170x878.jpg\" alt=\"\" class=\"wp-image-9391\" srcset=\"https:\/\/www.lafresca.fm\/f-solosog\/2023\/06\/353792325_721535543110669_4350191445404852535_n-1170x878.jpg 1170w, https:\/\/www.lafresca.fm\/f-solosog\/2023\/06\/353792325_721535543110669_4350191445404852535_n-770x578.jpg 770w, https:\/\/www.lafresca.fm\/f-solosog\/2023\/06\/353792325_721535543110669_4350191445404852535_n-768x576.jpg 768w, https:\/\/www.lafresca.fm\/f-solosog\/2023\/06\/353792325_721535543110669_4350191445404852535_n.jpg 1440w\" sizes=\"(max-width: 1170px) 100vw, 1170px\" \/><\/figure>\n<script>function PlayerjsAsync(){} if(window[\"Playerjs\"]){PlayerjsAsync();}<\/script>","protected":false},"excerpt":{"rendered":"<p>\u00a1Enhorabuena equipo!<\/p>\n","protected":false},"author":2,"featured_media":9391,"comment_status":"closed","ping_status":"closed","sticky":false,"template":"","format":"standard","meta":{"_monsterinsights_skip_tracking":false,"_monsterinsights_sitenote_active":false,"_monsterinsights_sitenote_note":"","_monsterinsights_sitenote_category":0,"footnotes":""},"categories":[4],"tags":[457,144],"class_list":["post-9390","post","type-post","status-publish","format-standard","has-post-thumbnail","hentry","category-alicante","tag-billar-castalla","tag-castalla"],"aioseo_notices":[],"_links":{"self":[{"href":"https:\/\/www.lafresca.fm\/fresca-api-json\/wp\/v2\/posts\/9390","targetHints":{"allow":["GET"]}}],"collection":[{"href":"https:\/\/www.lafresca.fm\/fresca-api-json\/wp\/v2\/posts"}],"about":[{"href":"https:\/\/www.lafresca.fm\/fresca-api-json\/wp\/v2\/types\/post"}],"author":[{"embeddable":true,"href":"https:\/\/www.lafresca.fm\/fresca-api-json\/wp\/v2\/users\/2"}],"replies":[{"embeddable":true,"href":"https:\/\/www.lafresca.fm\/fresca-api-json\/wp\/v2\/comments?post=9390"}],"version-history":[{"count":3,"href":"https:\/\/www.lafresca.fm\/fresca-api-json\/wp\/v2\/posts\/9390\/revisions"}],"predecessor-version":[{"id":9394,"href":"https:\/\/www.lafresca.fm\/fresca-api-json\/wp\/v2\/posts\/9390\/revisions\/9394"}],"wp:featuredmedia":[{"embeddable":true,"href":"https:\/\/www.lafresca.fm\/fresca-api-json\/wp\/v2\/media\/9391"}],"wp:attachment":[{"href":"https:\/\/www.lafresca.fm\/fresca-api-json\/wp\/v2\/media?parent=9390"}],"wp:term":[{"taxonomy":"category","embeddable":true,"href":"https:\/\/www.lafresca.fm\/fresca-api-json\/wp\/v2\/categories?post=9390"},{"taxonomy":"post_tag","embeddable":true,"href":"https:\/\/www.lafresca.fm\/fresca-api-json\/wp\/v2\/tags?post=9390"}],"curies":[{"name":"wp","href":"https:\/\/api.w.org\/{rel}","templated":true}]}}