{"id":9401,"date":"2023-06-14T15:55:49","date_gmt":"2023-06-14T13:55:49","guid":{"rendered":"https:\/\/www.lafresca.fm\/?p=9401"},"modified":"2023-06-14T15:55:50","modified_gmt":"2023-06-14T13:55:50","slug":"lespai-con-paco-linares-comisario-de-lespai-sempere-de-onil","status":"publish","type":"post","link":"https:\/\/www.lafresca.fm\/lespai-con-paco-linares-comisario-de-lespai-sempere-de-onil\/","title":{"rendered":"Lespai con Paco Linares, comisario de L&#8217;espai Sempere de Onil"},"content":{"rendered":"\n<p>\ud83d\udce2 LESPAI con Rosana Guill: El escultor, pintor y artista de Onil, Eusebio Sempere (1923-1985), contar\u00e1 desde el viernes con un espacio propio en su localidad natal, donde poder ver parte de su trayectoria art\u00edstica. La adecuaci\u00f3n de dicho espacio no es casualidad, ya que el pleno del Consell, aprob\u00f3 que el a\u00f1o 2023 fuese el A\u00f1o Sempere, medida para conmemorar el centenario del nacimiento del artista de Onil.<\/p>\n\n\n\n<p>Nuestra compa\u00f1era Rosana ha entrevistado a Paco Linares, comisario de l&#8217;Espai Sempere, quien nos abre en exclusiva las puertas de la sala antes de que el viernes 16 de junio se inaugure y de que el domingo de 10:00 a 14:00 tenga lugar la jornada de puertas abiertas para el p\u00fablico en general. La sala est\u00e1 situada en la \u00faltima planta del Palacio del Marqu\u00e9s de Dos Aguas.<\/p>\n\n\n\n<figure class=\"wp-block-audio\"><audio controls src=\"https:\/\/www.lafresca.fm\/f-solosog\/2023\/06\/LESPAI-14-Junio-23-Espai-sempere.mp3\"><\/audio><\/figure>\n\n\n\n<figure class=\"wp-block-image size-full\"><img fetchpriority=\"high\" decoding=\"async\" width=\"1024\" height=\"768\" src=\"https:\/\/www.lafresca.fm\/f-solosog\/2023\/06\/lespai-Espacio-sempere-14623.jpg\" alt=\"\" class=\"wp-image-9402\" srcset=\"https:\/\/www.lafresca.fm\/f-solosog\/2023\/06\/lespai-Espacio-sempere-14623.jpg 1024w, https:\/\/www.lafresca.fm\/f-solosog\/2023\/06\/lespai-Espacio-sempere-14623-770x578.jpg 770w, https:\/\/www.lafresca.fm\/f-solosog\/2023\/06\/lespai-Espacio-sempere-14623-768x576.jpg 768w\" sizes=\"(max-width: 1024px) 100vw, 1024px\" \/><\/figure>\n<script>function PlayerjsAsync(){} if(window[\"Playerjs\"]){PlayerjsAsync();}<\/script>","protected":false},"excerpt":{"rendered":"<p>El Espai Sempere se inaugura el viernes 16 de junio a las 20:00h.<\/p>\n","protected":false},"author":2,"featured_media":9402,"comment_status":"closed","ping_status":"closed","sticky":false,"template":"","format":"standard","meta":{"_monsterinsights_skip_tracking":false,"_monsterinsights_sitenote_active":false,"_monsterinsights_sitenote_note":"","_monsterinsights_sitenote_category":0,"footnotes":""},"categories":[4],"tags":[455,133],"class_list":["post-9401","post","type-post","status-publish","format-standard","has-post-thumbnail","hentry","category-alicante","tag-espai-sempere","tag-onil"],"aioseo_notices":[],"_links":{"self":[{"href":"https:\/\/www.lafresca.fm\/fresca-api-json\/wp\/v2\/posts\/9401","targetHints":{"allow":["GET"]}}],"collection":[{"href":"https:\/\/www.lafresca.fm\/fresca-api-json\/wp\/v2\/posts"}],"about":[{"href":"https:\/\/www.lafresca.fm\/fresca-api-json\/wp\/v2\/types\/post"}],"author":[{"embeddable":true,"href":"https:\/\/www.lafresca.fm\/fresca-api-json\/wp\/v2\/users\/2"}],"replies":[{"embeddable":true,"href":"https:\/\/www.lafresca.fm\/fresca-api-json\/wp\/v2\/comments?post=9401"}],"version-history":[{"count":1,"href":"https:\/\/www.lafresca.fm\/fresca-api-json\/wp\/v2\/posts\/9401\/revisions"}],"predecessor-version":[{"id":9404,"href":"https:\/\/www.lafresca.fm\/fresca-api-json\/wp\/v2\/posts\/9401\/revisions\/9404"}],"wp:featuredmedia":[{"embeddable":true,"href":"https:\/\/www.lafresca.fm\/fresca-api-json\/wp\/v2\/media\/9402"}],"wp:attachment":[{"href":"https:\/\/www.lafresca.fm\/fresca-api-json\/wp\/v2\/media?parent=9401"}],"wp:term":[{"taxonomy":"category","embeddable":true,"href":"https:\/\/www.lafresca.fm\/fresca-api-json\/wp\/v2\/categories?post=9401"},{"taxonomy":"post_tag","embeddable":true,"href":"https:\/\/www.lafresca.fm\/fresca-api-json\/wp\/v2\/tags?post=9401"}],"curies":[{"name":"wp","href":"https:\/\/api.w.org\/{rel}","templated":true}]}}