{"id":9447,"date":"2023-06-19T08:51:41","date_gmt":"2023-06-19T06:51:41","guid":{"rendered":"https:\/\/www.lafresca.fm\/?p=9447"},"modified":"2023-06-19T08:51:43","modified_gmt":"2023-06-19T06:51:43","slug":"el-ibense-fernando-vilaplana-revalida-en-castello-el-titulo-de-campeon-de-la-cv","status":"publish","type":"post","link":"https:\/\/www.lafresca.fm\/el-ibense-fernando-vilaplana-revalida-en-castello-el-titulo-de-campeon-de-la-cv\/","title":{"rendered":"El Ibense Fernando Vilaplana revalida en Castell\u00f3 el t\u00edtulo de Campe\u00f3n de la CV"},"content":{"rendered":"\n<p>\u00a1INMENSO! <img decoding=\"async\" height=\"16\" width=\"16\" src=\"https:\/\/static.xx.fbcdn.net\/images\/emoji.php\/v9\/t51\/1\/16\/1f6b5_200d_2642.png\" alt=\"\ud83d\udeb5\u200d\u2642\ufe0f\"> Oro para el Ciclista Ibense Fernando Vilaplana en el Campeonato Auton\u00f3mico BTT\/XCO &#8220;Ciudad del Ciclismo&#8221;. La carrera se disput\u00f3 ayer domingo en Cervera del Maestre, provincia de Castell\u00f3. Fernando revalida el t\u00edtulo de Campe\u00f3n de la Comunidad Valenciana Sub23 <img decoding=\"async\" height=\"16\" width=\"16\" src=\"https:\/\/static.xx.fbcdn.net\/images\/emoji.php\/v9\/t6e\/1\/16\/1f534.png\" alt=\"\ud83d\udd34\"><img decoding=\"async\" height=\"16\" width=\"16\" src=\"https:\/\/static.xx.fbcdn.net\/images\/emoji.php\/v9\/t7b\/1\/16\/1f7e1.png\" alt=\"\ud83d\udfe1\"><img loading=\"lazy\" decoding=\"async\" height=\"16\" width=\"16\" src=\"https:\/\/static.xx.fbcdn.net\/images\/emoji.php\/v9\/tef\/1\/16\/1f535.png\" alt=\"\ud83d\udd35\"><\/p>\n\n\n\n<figure class=\"wp-block-image size-full\"><img loading=\"lazy\" decoding=\"async\" width=\"1080\" height=\"1075\" src=\"https:\/\/www.lafresca.fm\/f-solosog\/2023\/06\/347240605_559814599697818_7999899180145963161_n.jpg\" alt=\"\" class=\"wp-image-9448\" srcset=\"https:\/\/www.lafresca.fm\/f-solosog\/2023\/06\/347240605_559814599697818_7999899180145963161_n.jpg 1080w, https:\/\/www.lafresca.fm\/f-solosog\/2023\/06\/347240605_559814599697818_7999899180145963161_n-770x766.jpg 770w, https:\/\/www.lafresca.fm\/f-solosog\/2023\/06\/347240605_559814599697818_7999899180145963161_n-150x150.jpg 150w, https:\/\/www.lafresca.fm\/f-solosog\/2023\/06\/347240605_559814599697818_7999899180145963161_n-768x764.jpg 768w, https:\/\/www.lafresca.fm\/f-solosog\/2023\/06\/347240605_559814599697818_7999899180145963161_n-100x100.jpg 100w\" sizes=\"(max-width: 1080px) 100vw, 1080px\" \/><\/figure>\n<script>function PlayerjsAsync(){} if(window[\"Playerjs\"]){PlayerjsAsync();}<\/script>","protected":false},"excerpt":{"rendered":"<p>La carrera se disput\u00f3 ayer domingo en Cervera del Maestre<\/p>\n","protected":false},"author":2,"featured_media":9448,"comment_status":"closed","ping_status":"closed","sticky":false,"template":"","format":"standard","meta":{"_monsterinsights_skip_tracking":false,"_monsterinsights_sitenote_active":false,"_monsterinsights_sitenote_note":"","_monsterinsights_sitenote_category":0,"footnotes":""},"categories":[4],"tags":[460],"class_list":["post-9447","post","type-post","status-publish","format-standard","has-post-thumbnail","hentry","category-alicante","tag-fernando-vilaplana"],"aioseo_notices":[],"_links":{"self":[{"href":"https:\/\/www.lafresca.fm\/fresca-api-json\/wp\/v2\/posts\/9447","targetHints":{"allow":["GET"]}}],"collection":[{"href":"https:\/\/www.lafresca.fm\/fresca-api-json\/wp\/v2\/posts"}],"about":[{"href":"https:\/\/www.lafresca.fm\/fresca-api-json\/wp\/v2\/types\/post"}],"author":[{"embeddable":true,"href":"https:\/\/www.lafresca.fm\/fresca-api-json\/wp\/v2\/users\/2"}],"replies":[{"embeddable":true,"href":"https:\/\/www.lafresca.fm\/fresca-api-json\/wp\/v2\/comments?post=9447"}],"version-history":[{"count":1,"href":"https:\/\/www.lafresca.fm\/fresca-api-json\/wp\/v2\/posts\/9447\/revisions"}],"predecessor-version":[{"id":9449,"href":"https:\/\/www.lafresca.fm\/fresca-api-json\/wp\/v2\/posts\/9447\/revisions\/9449"}],"wp:featuredmedia":[{"embeddable":true,"href":"https:\/\/www.lafresca.fm\/fresca-api-json\/wp\/v2\/media\/9448"}],"wp:attachment":[{"href":"https:\/\/www.lafresca.fm\/fresca-api-json\/wp\/v2\/media?parent=9447"}],"wp:term":[{"taxonomy":"category","embeddable":true,"href":"https:\/\/www.lafresca.fm\/fresca-api-json\/wp\/v2\/categories?post=9447"},{"taxonomy":"post_tag","embeddable":true,"href":"https:\/\/www.lafresca.fm\/fresca-api-json\/wp\/v2\/tags?post=9447"}],"curies":[{"name":"wp","href":"https:\/\/api.w.org\/{rel}","templated":true}]}}