{"id":9487,"date":"2023-06-21T19:13:39","date_gmt":"2023-06-21T17:13:39","guid":{"rendered":"https:\/\/www.lafresca.fm\/?p=9487"},"modified":"2023-06-21T19:13:41","modified_gmt":"2023-06-21T17:13:41","slug":"entrevista-con-jaume-berenguer-pastor-alcalde-de-onil","status":"publish","type":"post","link":"https:\/\/www.lafresca.fm\/entrevista-con-jaume-berenguer-pastor-alcalde-de-onil\/","title":{"rendered":"Entrevista  con Jaume Berenguer Pastor, alcalde de Onil"},"content":{"rendered":"\n<p>\ud83d\udcfb LA_ENTREVISTA con Jaume Berenguer, alcalde de Onil y Cristina Tango, regidora del gobierno municipal. La primera entrevista que mantenemos con el nuevo equipo, despu\u00e9s de la constituci\u00f3n del ayuntamiento el pasado s\u00e1bado.<\/p>\n\n\n\n<p>\u00bfC\u00f3mo est\u00e1n siendo los primeros d\u00edas como alcalde? \u00bfHan mantenido contacto con los diferentes grupos de la oposici\u00f3n una vez asumido el cargo? \u00bfC\u00f3mo se presentan los pr\u00f3ximos meses?<\/p>\n\n\n\n<figure class=\"wp-block-audio\"><audio controls src=\"https:\/\/www.lafresca.fm\/f-solosog\/2023\/06\/Enrevista-Alcalde-Onil-21623.mp3\"><\/audio><\/figure>\n\n\n\n<figure class=\"wp-block-image size-large\"><img fetchpriority=\"high\" decoding=\"async\" width=\"1170\" height=\"878\" src=\"https:\/\/www.lafresca.fm\/f-solosog\/2023\/06\/alcalde-onil-21623-1170x878.jpg\" alt=\"\" class=\"wp-image-9489\" srcset=\"https:\/\/www.lafresca.fm\/f-solosog\/2023\/06\/alcalde-onil-21623-1170x878.jpg 1170w, https:\/\/www.lafresca.fm\/f-solosog\/2023\/06\/alcalde-onil-21623-770x578.jpg 770w, https:\/\/www.lafresca.fm\/f-solosog\/2023\/06\/alcalde-onil-21623-768x576.jpg 768w, https:\/\/www.lafresca.fm\/f-solosog\/2023\/06\/alcalde-onil-21623-1536x1152.jpg 1536w, https:\/\/www.lafresca.fm\/f-solosog\/2023\/06\/alcalde-onil-21623.jpg 2000w\" sizes=\"(max-width: 1170px) 100vw, 1170px\" \/><\/figure>\n<script>function PlayerjsAsync(){} if(window[\"Playerjs\"]){PlayerjsAsync();}<\/script>","protected":false},"excerpt":{"rendered":"<p>La primera entrevista que mantenemos con el nuevo equipo de gobierno<\/p>\n","protected":false},"author":2,"featured_media":9489,"comment_status":"closed","ping_status":"closed","sticky":false,"template":"","format":"standard","meta":{"_monsterinsights_skip_tracking":false,"_monsterinsights_sitenote_active":false,"_monsterinsights_sitenote_note":"","_monsterinsights_sitenote_category":0,"footnotes":""},"categories":[4],"tags":[465,133],"class_list":["post-9487","post","type-post","status-publish","format-standard","has-post-thumbnail","hentry","category-alicante","tag-alcalde-de-onil","tag-onil"],"aioseo_notices":[],"_links":{"self":[{"href":"https:\/\/www.lafresca.fm\/fresca-api-json\/wp\/v2\/posts\/9487","targetHints":{"allow":["GET"]}}],"collection":[{"href":"https:\/\/www.lafresca.fm\/fresca-api-json\/wp\/v2\/posts"}],"about":[{"href":"https:\/\/www.lafresca.fm\/fresca-api-json\/wp\/v2\/types\/post"}],"author":[{"embeddable":true,"href":"https:\/\/www.lafresca.fm\/fresca-api-json\/wp\/v2\/users\/2"}],"replies":[{"embeddable":true,"href":"https:\/\/www.lafresca.fm\/fresca-api-json\/wp\/v2\/comments?post=9487"}],"version-history":[{"count":1,"href":"https:\/\/www.lafresca.fm\/fresca-api-json\/wp\/v2\/posts\/9487\/revisions"}],"predecessor-version":[{"id":9490,"href":"https:\/\/www.lafresca.fm\/fresca-api-json\/wp\/v2\/posts\/9487\/revisions\/9490"}],"wp:featuredmedia":[{"embeddable":true,"href":"https:\/\/www.lafresca.fm\/fresca-api-json\/wp\/v2\/media\/9489"}],"wp:attachment":[{"href":"https:\/\/www.lafresca.fm\/fresca-api-json\/wp\/v2\/media?parent=9487"}],"wp:term":[{"taxonomy":"category","embeddable":true,"href":"https:\/\/www.lafresca.fm\/fresca-api-json\/wp\/v2\/categories?post=9487"},{"taxonomy":"post_tag","embeddable":true,"href":"https:\/\/www.lafresca.fm\/fresca-api-json\/wp\/v2\/tags?post=9487"}],"curies":[{"name":"wp","href":"https:\/\/api.w.org\/{rel}","templated":true}]}}