{"id":9502,"date":"2023-06-22T09:25:14","date_gmt":"2023-06-22T07:25:14","guid":{"rendered":"https:\/\/www.lafresca.fm\/?p=9502"},"modified":"2023-06-22T09:25:15","modified_gmt":"2023-06-22T07:25:15","slug":"sergio-carrasco-y-aitana-gandia-firman-el-acuerdo-sobre-las-delegaciones-en-el-moli-de-paper","status":"publish","type":"post","link":"https:\/\/www.lafresca.fm\/sergio-carrasco-y-aitana-gandia-firman-el-acuerdo-sobre-las-delegaciones-en-el-moli-de-paper\/","title":{"rendered":"Sergio Carrasco y Aitana Gand\u00eda firman el acuerdo sobre las delegaciones en el Mol\u00ed de Paper"},"content":{"rendered":"\n<p>El emblem\u00e1tico Mol\u00ed de Paper de Ibi acog\u00eda ayer el acto de firma del acuerdo entre los dos partidos que gobernar\u00e1n en Ibi en esta nueva legislatura: PSOE (7 concejales\/as), con Sergio Carrasco como alcalde de Ibi, y SomIbi-Comprom\u00eds (4 concejales\/as), con Aitana Gand\u00eda como vicealcaldesa, cuyo cargo y nombramiento ocurre por primera vez en la historia de Ibi.<\/p>\n\n\n\n<figure class=\"wp-block-image size-large\"><img fetchpriority=\"high\" decoding=\"async\" width=\"1170\" height=\"878\" src=\"https:\/\/www.lafresca.fm\/f-solosog\/2023\/06\/prensa-equipo-de-gobierno-1170x878.jpeg\" alt=\"\" class=\"wp-image-9503\" srcset=\"https:\/\/www.lafresca.fm\/f-solosog\/2023\/06\/prensa-equipo-de-gobierno-1170x878.jpeg 1170w, https:\/\/www.lafresca.fm\/f-solosog\/2023\/06\/prensa-equipo-de-gobierno-770x578.jpeg 770w, https:\/\/www.lafresca.fm\/f-solosog\/2023\/06\/prensa-equipo-de-gobierno-768x576.jpeg 768w, https:\/\/www.lafresca.fm\/f-solosog\/2023\/06\/prensa-equipo-de-gobierno-1536x1152.jpeg 1536w, https:\/\/www.lafresca.fm\/f-solosog\/2023\/06\/prensa-equipo-de-gobierno.jpeg 2048w\" sizes=\"(max-width: 1170px) 100vw, 1170px\" \/><\/figure>\n\n\n\n<p>Rodeados por su nuevo equipo de gobierno, 11 concejales y concejalas en total, y por todas las personas que han querido asistir a tan importante firma, Sergio y Aitana acuerdan as\u00ed el devenir y futuro del consistorio y, por ende, de la localidad, para los pr\u00f3ximos cuatro a\u00f1os.<\/p>\n\n\n\n<p>Adem\u00e1s de informar sobre las l\u00edneas estrat\u00e9gicas del futuro gobierno presentaron las delegaciones que quedan acordadas de la siguiente manera:<\/p>\n\n\n\n<p>ALCAD\u00cdA: Sergio Carrasco Mart\u00ednez (PSOE). Industria, Ocupaci\u00f3n y Seguridad Ciudadana.<\/p>\n\n\n\n<p>VICEALCAD\u00cdA: Aitana Gand\u00eda Vidal (SOM IBI- Comprom\u00eds). Recursos Humanos, Turismo, Comunicaci\u00f3n y Protocolo y Fiestas Mayores.<\/p>\n\n\n\n<p>2\u00aa Tenencia de Alcald\u00eda: Nuria Pina Huertas (PSOE). Urbanismo y Actividades.<\/p>\n\n\n\n<p>3\u00aa Tenencia de Alcald\u00eda: Joan Josep Sarri\u00f3 i Aznar (SOM IBI- Comprom\u00eds). Patrimonio, Tradiciones y Participaci\u00f3n Ciudadana.<\/p>\n\n\n\n<p>4\u00aa Tenencia de Alcald\u00eda: David Rojas Mart\u00ednez (PSOE). Hacienda y Contrataci\u00f3n.<\/p>\n\n\n\n<p>5\u00aa Tenencia de Alcald\u00eda: Elio Verd\u00fa Jim\u00e9nez (SOM IBI- Comprom\u00eds). Servicios P\u00fablico, Juventud y Diversidad.<\/p>\n\n\n\n<p>6\u00aa Tenencia de Alcald\u00eda: Montserrat Agull\u00f3 Ferr\u00e1ndiz (PSOE). Servicios Sociales, Igualdad y Mayores.<\/p>\n\n\n\n<p><\/p>\n\n\n\n<p><strong>Delegaciones:<\/strong><\/p>\n\n\n\n<p>Lara Mar\u00eda Ayala Cantos (SOM IBI- Comprom\u00eds). Cultura y Bienestar Animal.<\/p>\n\n\n\n<p>Blanca Navarro Barrachina (PSOE). Medio Ambiente y Transparencia.<\/p>\n\n\n\n<p>Ram\u00f3n Cintas Palaz\u00f3n (PSOE). Deportes.<\/p>\n\n\n\n<p>Paula Peidr\u00f3 Bernabeu (PSOE). Educaci\u00f3n y Comercio.<\/p>\n\n\n\n<p>Como novedad, en este mandato se ha creado el \u00e1rea de Diversidad, de la cual estar\u00e1 a cargo el teniente de alcalde de SomIbi-Comprom\u00eds, Elio Verd\u00fa. Adem\u00e1s, la que hasta el momento ha sido llamada concejal\u00eda de Fiestas y Tradiciones, se dividir\u00e1 en Fiestas Mayores, a cargo de la vicealcaldesa Aitana Gand\u00eda, y Tradiciones, con Joan Josep Sarri\u00f3 como teniente de alcalde.<\/p>\n<script>function PlayerjsAsync(){} if(window[\"Playerjs\"]){PlayerjsAsync();}<\/script>","protected":false},"excerpt":{"rendered":"<p>El nuevo gobierno ha creado como novedad, el \u00e1rea de Diversidad<\/p>\n","protected":false},"author":2,"featured_media":9503,"comment_status":"closed","ping_status":"closed","sticky":false,"template":"","format":"standard","meta":{"_monsterinsights_skip_tracking":false,"_monsterinsights_sitenote_active":false,"_monsterinsights_sitenote_note":"","_monsterinsights_sitenote_category":0,"footnotes":""},"categories":[4],"tags":[128],"class_list":["post-9502","post","type-post","status-publish","format-standard","has-post-thumbnail","hentry","category-alicante","tag-ibi"],"aioseo_notices":[],"_links":{"self":[{"href":"https:\/\/www.lafresca.fm\/fresca-api-json\/wp\/v2\/posts\/9502","targetHints":{"allow":["GET"]}}],"collection":[{"href":"https:\/\/www.lafresca.fm\/fresca-api-json\/wp\/v2\/posts"}],"about":[{"href":"https:\/\/www.lafresca.fm\/fresca-api-json\/wp\/v2\/types\/post"}],"author":[{"embeddable":true,"href":"https:\/\/www.lafresca.fm\/fresca-api-json\/wp\/v2\/users\/2"}],"replies":[{"embeddable":true,"href":"https:\/\/www.lafresca.fm\/fresca-api-json\/wp\/v2\/comments?post=9502"}],"version-history":[{"count":1,"href":"https:\/\/www.lafresca.fm\/fresca-api-json\/wp\/v2\/posts\/9502\/revisions"}],"predecessor-version":[{"id":9504,"href":"https:\/\/www.lafresca.fm\/fresca-api-json\/wp\/v2\/posts\/9502\/revisions\/9504"}],"wp:featuredmedia":[{"embeddable":true,"href":"https:\/\/www.lafresca.fm\/fresca-api-json\/wp\/v2\/media\/9503"}],"wp:attachment":[{"href":"https:\/\/www.lafresca.fm\/fresca-api-json\/wp\/v2\/media?parent=9502"}],"wp:term":[{"taxonomy":"category","embeddable":true,"href":"https:\/\/www.lafresca.fm\/fresca-api-json\/wp\/v2\/categories?post=9502"},{"taxonomy":"post_tag","embeddable":true,"href":"https:\/\/www.lafresca.fm\/fresca-api-json\/wp\/v2\/tags?post=9502"}],"curies":[{"name":"wp","href":"https:\/\/api.w.org\/{rel}","templated":true}]}}