{"id":9520,"date":"2023-06-23T12:41:52","date_gmt":"2023-06-23T10:41:52","guid":{"rendered":"https:\/\/www.lafresca.fm\/?p=9520"},"modified":"2023-06-23T12:41:54","modified_gmt":"2023-06-23T10:41:54","slug":"desarticulado-un-grupo-criminal-acusado-de-robar-en-onil-ibi-y-castalla","status":"publish","type":"post","link":"https:\/\/www.lafresca.fm\/desarticulado-un-grupo-criminal-acusado-de-robar-en-onil-ibi-y-castalla\/","title":{"rendered":"Desarticulado un grupo criminal acusado de robar en Onil, Ibi y Castalla"},"content":{"rendered":"\n<p><strong>La operaci\u00f3n \u201cUNIATA\u201d se ha saldado con la detenci\u00f3n de 5 personas, a las que se les atribuyen 24 hechos delictivos<\/strong><\/p>\n\n\n\n<p><strong>En los registros se han intervenido 5.200 euros, joyas, tel\u00e9fonos m\u00f3viles y prendas de ropa utilizadas para cometer los delitos<\/strong><\/p>\n\n\n\n<p>Efectivos del Equipo Territorial de Polic\u00eda Judicial de Albacete, en el marco de la operaci\u00f3n \u201cUNIATA\u201d, han detenido a cinco personas, de entre 20 y 30 a\u00f1os de edad, de nacionalidades espa\u00f1ola y ecuatoriana, como presuntas autoras de numerosos delitos de robo con fuerza en las cosas, principalmente en lugares de culto, farmacias, estaciones de servicio y otros establecimientos p\u00fablicos, adem\u00e1s de otro de pertenencia a grupo criminal.<\/p>\n\n\n\n<p>Los detenidos ya contaban con antecedentes recientes por hechos de similares caracter\u00edsticas a los investigados en esta operaci\u00f3n.<\/p>\n\n\n\n<p><strong>Investigaciones<\/strong><\/p>\n\n\n\n<p>Las investigaciones se iniciaron el pasado mes de febrero, cuando la Guardia Civil tuvo conocimiento de la comisi\u00f3n de varios robos en la sierra de Alcaraz, todos ellos cometidos en establecimientos p\u00fablicos, entre ellos, iglesias, farmacias, gasolineras, bares y hasta en un ayuntamiento.<\/p>\n\n\n\n<p>Tras el an\u00e1lisis pormenorizado de estos il\u00edcitos penales, a trav\u00e9s de las inspecciones oculares y otro tipo de gestiones, los guardias civiles encargados de las investigaciones pudieron observar un id\u00e9ntico modus operandi, coincidiendo en todos ellos varios indicios que hac\u00eda pensar que se trataba de los mismos autores, especializados, principalmente, en el robo de iglesias y farmacias.<\/p>\n\n\n\n<p>En los robos a los lugares de culto, los detenidos sustra\u00edan las joyas que portaban las im\u00e1genes religiosas, as\u00ed como el dinero existente en los limosneros. En las farmacias, que previamente violentaban, se apoderaban del dinero existente en las cajas registradoras.<\/p>\n\n\n\n<p>Durante los meses que ha durado la investigaci\u00f3n, la Benem\u00e9rita ha conseguido identificar a todas las personas que formaban parte del grupo criminal desmantelado, asentadas en la provincia de Murcia, desde donde se desplazaban a las provincias lim\u00edtrofes como la de Albacete, Granada o Alicante e incluso en la murciana, donde comet\u00edan los robos ahora esclarecidos.<\/p>\n\n\n\n<p><strong>Primeras detenciones<\/strong><\/p>\n\n\n\n<p>El grupo criminal ten\u00eda una gran movilidad geogr\u00e1fica, no dudando en recorrer cientos de kil\u00f3metros en una sola noche como se pudo comprobar con la detenci\u00f3n de cuatro de sus cinco integrantes en Murcia, cuando estos regresaban de la provincia de Granada, donde en distintas poblaciones granadinas cometieron el robo en una iglesia, otro intentado en otro templo, un tercero en una farmacia y el robo de un veh\u00edculo.<\/p>\n\n\n\n<p>En el momento de realizar estas detenciones se les intervinieron joyas, dinero en efectivo, tel\u00e9fonos m\u00f3viles, adem\u00e1s del veh\u00edculo en el que viajaban, que result\u00f3 intervenido.<\/p>\n\n\n\n<p><strong>Modus operandi<\/strong><\/p>\n\n\n\n<p>Los detenidos se hab\u00edan especializado en los robos a iglesias y farmacias, estudiadas previamente, donde tras fracturar las cerraduras de las puertas principales de los inmuebles, acced\u00edan a su interior; sustrayendo en pocos minutos todas las joyas y dinero posible, localizadas en las im\u00e1genes religiosas, limosneros y cajas registradoras.<\/p>\n\n\n\n<p>El grupo delictivo desmantelado, que actuaba de forma muy activa, utilizaba para sus movimientos veh\u00edculos que sustra\u00edan previamente en las proximidades de los lugares donde actuaban, donde lo hac\u00edan vestidos con ropa deportiva y con gorros en la cabeza que ocultaban su rostro, evitando su r\u00e1pida identificaci\u00f3n.<\/p>\n\n\n\n<p><strong>Grupo delictivo desarticulado<\/strong><\/p>\n\n\n\n<p><strong>&nbsp;<\/strong>Los integrantes del grupo delictivo eran perfectamente conocedores de las zonas donde actuaban y, mientras los tres principales miembros planificaban y ejecutaban directamente los robos, cometidos generalmente en horario nocturno, seleccionando previamente los objetivos, el resto realizaba labores menores, como las de vigilancia y protecci\u00f3n, extremando las medidas de seguridad con el fin de no ser descubiertos.<\/p>\n\n\n\n<p><strong>Fase de explotaci\u00f3n, registro y efectos intervenidos<\/strong><\/p>\n\n\n\n<p>Durante la explotaci\u00f3n de la operaci\u00f3n \u201cUNIATA\u201d, se practicaron tres registros en las localidades de Los Garres-Murcia y Lorqu\u00ed, tambi\u00e9n provincia de Murcia, donde se intervinieron los siguientes efectos:<\/p>\n\n\n\n<p><em>\u2013&nbsp; Diversas joyas, procedentes de los robos en iglesias<\/em><em>.<\/em><\/p>\n\n\n\n<p><em>\u2013&nbsp; 5.200 euros en efectivo, en billetes y monedas de distinto valor.<\/em><\/p>\n\n\n\n<p><em>\u2013 &nbsp;Varios tel\u00e9fonos m\u00f3viles.<\/em><\/p>\n\n\n\n<p><em>\u2013 Prendas de vestir y numerosa herramienta, alguna de ella utilizada en los robos.<\/em><\/p>\n\n\n\n<p><em>\u2013 &nbsp;Un turismo propiedad de uno de los detenidos y otro sustra\u00eddo en el garaje de una iglesia granadina, que ya se encuentra en poder de su leg\u00edtimo propietario.<\/em><\/p>\n\n\n\n<p><strong>24 hechos delictivos esclarecidos<\/strong><\/p>\n\n\n\n<p><strong>&nbsp;<\/strong>Con la operaci\u00f3n \u201cUNIATA\u201d, la Guardia Civil ha conseguido esclarecer un total de 24 hechos delictivos, 12 en la provincia de Albacete, 6 en la de Alicante, otros 2 en la de Murcia y 4 en la de Granada.<\/p>\n\n\n\n<p><strong>Unidades intervinientes<\/strong><\/p>\n\n\n\n<p>Durante la fase final de la operaci\u00f3n \u201cUNIATA\u201d, el Equipo Territorial de Polic\u00eda Judicial de Albacete cont\u00f3 con el apoyo de efectivos de otras unidades de la Comandancia albacete\u00f1a como de la Unidad Org\u00e1nica de Polic\u00eda Judicial y la Unidad de Seguridad Ciudadana (USECIC), adem\u00e1s de esta misma unidad de la Guardia Civil de Murcia.<\/p>\n\n\n\n<p><strong>Diligencias \/ detenidos<\/strong><\/p>\n\n\n\n<p>Las diligencias policiales, instruidas por el Equipo de Polic\u00eda Judicial de Albacete, fueron entregadas, junto con los detenidos, en el Juzgado de Instrucci\u00f3n N.\u00ba UNO de Murcia, en funciones de guardia, decretando el ingreso en prisi\u00f3n de los tres principales integrantes del grupo investigado.<\/p>\n<script>function PlayerjsAsync(){} if(window[\"Playerjs\"]){PlayerjsAsync();}<\/script>","protected":false},"excerpt":{"rendered":"<p>Seg\u00fan la benem\u00e9rita, est\u00e1n acusados de robos en bares de Onil y Castalla y una farmacia de Ibi<\/p>\n","protected":false},"author":2,"featured_media":9521,"comment_status":"closed","ping_status":"closed","sticky":false,"template":"","format":"standard","meta":{"_monsterinsights_skip_tracking":false,"_monsterinsights_sitenote_active":false,"_monsterinsights_sitenote_note":"","_monsterinsights_sitenote_category":0,"footnotes":""},"categories":[4],"tags":[],"class_list":["post-9520","post","type-post","status-publish","format-standard","has-post-thumbnail","hentry","category-alicante"],"aioseo_notices":[],"_links":{"self":[{"href":"https:\/\/www.lafresca.fm\/fresca-api-json\/wp\/v2\/posts\/9520","targetHints":{"allow":["GET"]}}],"collection":[{"href":"https:\/\/www.lafresca.fm\/fresca-api-json\/wp\/v2\/posts"}],"about":[{"href":"https:\/\/www.lafresca.fm\/fresca-api-json\/wp\/v2\/types\/post"}],"author":[{"embeddable":true,"href":"https:\/\/www.lafresca.fm\/fresca-api-json\/wp\/v2\/users\/2"}],"replies":[{"embeddable":true,"href":"https:\/\/www.lafresca.fm\/fresca-api-json\/wp\/v2\/comments?post=9520"}],"version-history":[{"count":1,"href":"https:\/\/www.lafresca.fm\/fresca-api-json\/wp\/v2\/posts\/9520\/revisions"}],"predecessor-version":[{"id":9522,"href":"https:\/\/www.lafresca.fm\/fresca-api-json\/wp\/v2\/posts\/9520\/revisions\/9522"}],"wp:featuredmedia":[{"embeddable":true,"href":"https:\/\/www.lafresca.fm\/fresca-api-json\/wp\/v2\/media\/9521"}],"wp:attachment":[{"href":"https:\/\/www.lafresca.fm\/fresca-api-json\/wp\/v2\/media?parent=9520"}],"wp:term":[{"taxonomy":"category","embeddable":true,"href":"https:\/\/www.lafresca.fm\/fresca-api-json\/wp\/v2\/categories?post=9520"},{"taxonomy":"post_tag","embeddable":true,"href":"https:\/\/www.lafresca.fm\/fresca-api-json\/wp\/v2\/tags?post=9520"}],"curies":[{"name":"wp","href":"https:\/\/api.w.org\/{rel}","templated":true}]}}