{"id":9538,"date":"2023-06-26T11:02:10","date_gmt":"2023-06-26T09:02:10","guid":{"rendered":"https:\/\/www.lafresca.fm\/?p=9538"},"modified":"2023-06-26T11:33:06","modified_gmt":"2023-06-26T09:33:06","slug":"el-ciclista-ibense-alex-villegas-consigue-un-6-puesto-en-el-campeonato-de-la-comunidad-valenciana","status":"publish","type":"post","link":"https:\/\/www.lafresca.fm\/el-ciclista-ibense-alex-villegas-consigue-un-6-puesto-en-el-campeonato-de-la-comunidad-valenciana\/","title":{"rendered":"El Ciclista Ibense, Alex Villegas, consigue un 6\u00b0 puesto en el Campeonato de la Comunidad Valenciana"},"content":{"rendered":"\n<p>Alex Villegas, corredor Ibense y perteneciente al Club Ciclista CONTESTANO, participaba ayer domingo 25 de junio en el campeonato auton\u00f3mico en San Jordi (Castell\u00f3), quedando en un Sexto puesto en la general de la Comunidad Valenciana, en categor\u00eda principiante de 2 a\u00f1o. \u00a1Felicidades Alex!<\/p>\n\n\n\n<figure class=\"wp-block-image size-full\"><img fetchpriority=\"high\" decoding=\"async\" width=\"718\" height=\"788\" src=\"https:\/\/www.lafresca.fm\/f-solosog\/2023\/06\/7892e685-a3ee-40bf-adfd-a559190ffe3e.jpeg\" alt=\"\" class=\"wp-image-9539\" srcset=\"https:\/\/www.lafresca.fm\/f-solosog\/2023\/06\/7892e685-a3ee-40bf-adfd-a559190ffe3e.jpeg 718w, https:\/\/www.lafresca.fm\/f-solosog\/2023\/06\/7892e685-a3ee-40bf-adfd-a559190ffe3e-702x770.jpeg 702w\" sizes=\"(max-width: 718px) 100vw, 718px\" \/><\/figure>\n<script>function PlayerjsAsync(){} if(window[\"Playerjs\"]){PlayerjsAsync();}<\/script>","protected":false},"excerpt":{"rendered":"<p>Lo ha conseguido en categor\u00eda principiante de 2 a\u00f1o<\/p>\n","protected":false},"author":2,"featured_media":9539,"comment_status":"closed","ping_status":"closed","sticky":false,"template":"","format":"standard","meta":{"_monsterinsights_skip_tracking":false,"_monsterinsights_sitenote_active":false,"_monsterinsights_sitenote_note":"","_monsterinsights_sitenote_category":0,"footnotes":""},"categories":[4],"tags":[469,128],"class_list":["post-9538","post","type-post","status-publish","format-standard","has-post-thumbnail","hentry","category-alicante","tag-alex-corredor","tag-ibi"],"aioseo_notices":[],"_links":{"self":[{"href":"https:\/\/www.lafresca.fm\/fresca-api-json\/wp\/v2\/posts\/9538","targetHints":{"allow":["GET"]}}],"collection":[{"href":"https:\/\/www.lafresca.fm\/fresca-api-json\/wp\/v2\/posts"}],"about":[{"href":"https:\/\/www.lafresca.fm\/fresca-api-json\/wp\/v2\/types\/post"}],"author":[{"embeddable":true,"href":"https:\/\/www.lafresca.fm\/fresca-api-json\/wp\/v2\/users\/2"}],"replies":[{"embeddable":true,"href":"https:\/\/www.lafresca.fm\/fresca-api-json\/wp\/v2\/comments?post=9538"}],"version-history":[{"count":3,"href":"https:\/\/www.lafresca.fm\/fresca-api-json\/wp\/v2\/posts\/9538\/revisions"}],"predecessor-version":[{"id":9543,"href":"https:\/\/www.lafresca.fm\/fresca-api-json\/wp\/v2\/posts\/9538\/revisions\/9543"}],"wp:featuredmedia":[{"embeddable":true,"href":"https:\/\/www.lafresca.fm\/fresca-api-json\/wp\/v2\/media\/9539"}],"wp:attachment":[{"href":"https:\/\/www.lafresca.fm\/fresca-api-json\/wp\/v2\/media?parent=9538"}],"wp:term":[{"taxonomy":"category","embeddable":true,"href":"https:\/\/www.lafresca.fm\/fresca-api-json\/wp\/v2\/categories?post=9538"},{"taxonomy":"post_tag","embeddable":true,"href":"https:\/\/www.lafresca.fm\/fresca-api-json\/wp\/v2\/tags?post=9538"}],"curies":[{"name":"wp","href":"https:\/\/api.w.org\/{rel}","templated":true}]}}