{"id":9550,"date":"2023-06-27T16:01:47","date_gmt":"2023-06-27T14:01:47","guid":{"rendered":"https:\/\/www.lafresca.fm\/?p=9550"},"modified":"2023-06-27T16:16:09","modified_gmt":"2023-06-27T14:16:09","slug":"el-ibense-paco-bautista-acude-el-1-y-2-de-julio-al-campeonato-de-espana-de-boccia","status":"publish","type":"post","link":"https:\/\/www.lafresca.fm\/el-ibense-paco-bautista-acude-el-1-y-2-de-julio-al-campeonato-de-espana-de-boccia\/","title":{"rendered":"El Ibense Paco Bautista acude el 1 y 2 de julio al Campeonato de Espa\u00f1a de Boccia"},"content":{"rendered":"\n<p>Las instalaciones de L\u2019Alqueria del Basket, en Valencia, acogen el 1 y 2 de julio el Campeonato de Espa\u00f1a de boccia, con la presencia de 42 deportistas. Es una competici\u00f3n organizada por la Federaci\u00f3n Espa\u00f1ola de Deportes de Personas con Par\u00e1lisis Cerebral y Da\u00f1o Cerebral Adquirido, la Federaci\u00f3n Espa\u00f1ola de Deportes de Personas con Discapacidad F\u00edsica, la Federaci\u00f3n de Deportes de Personas con Discapacidad de la Federaci\u00f3n Valenciana y el Club Amics de la Boccia, que cumple 25 a\u00f1os.<\/p>\n\n\n\n<p><strong>Imagen: Paco Bautista <\/strong><\/p>\n\n\n\n<figure class=\"wp-block-image size-full\"><img fetchpriority=\"high\" decoding=\"async\" width=\"720\" height=\"720\" src=\"https:\/\/www.lafresca.fm\/f-solosog\/2023\/06\/paco-bautista.jpg\" alt=\"\" class=\"wp-image-9552\" srcset=\"https:\/\/www.lafresca.fm\/f-solosog\/2023\/06\/paco-bautista.jpg 720w, https:\/\/www.lafresca.fm\/f-solosog\/2023\/06\/paco-bautista-150x150.jpg 150w, https:\/\/www.lafresca.fm\/f-solosog\/2023\/06\/paco-bautista-100x100.jpg 100w, https:\/\/www.lafresca.fm\/f-solosog\/2023\/06\/paco-bautista-370x370.jpg 370w\" sizes=\"(max-width: 720px) 100vw, 720px\" \/><\/figure>\n\n\n\n<p>El campeonato, que se disputar\u00e1 solo en categor\u00eda individual, aglutina a los mejores jugadores del ranking de cada categor\u00eda. En BC1 (deportistas que lanzan con manos o pies y precisan asistente) competir\u00e1n Desir\u00e9e Segarra, Seraf\u00edn Rodr\u00edguez, Amagoia Arrieta, Iv\u00e1n Botella, \u00c1lvaro Ballesteros o Francisco Bautista. En BC2 (deportistas que pueden lanzar sin ayuda) lo har\u00e1n Ra\u00fal Mart\u00ed, Benito S\u00e1nchez, Pedro Cordero, Sonia S\u00e1nchez o Nandou Diedhiou. En BC3 (precisan asistencia y hacen lanzamientos a trav\u00e9s de una canaleta) Wafid \u2018Fido\u2019 Boucherit, Ver\u00f3nica Pamies, Iv\u00e1n Alemany, Miguel \u00c1ngel Mira o Javier Mart\u00ednez. Y en BC4 (deportistas con discapacidad f\u00edsica severa) estar\u00e1n Vasile Agache, Ram\u00f3n Prat, \u00c1lex Trullas o Sara Aller.<\/p>\n\n\n\n<p>\u201cEs el campeonato m\u00e1s importante de todo el a\u00f1o, tenemos 12 deportistas en BC1, 10 en BC2, 12 en BC3 y 8 en BC4. Ser\u00e1 un torneo grande, Amics de la Boccia ha hecho un gran trabajo de organizaci\u00f3n, tendremos streaming. Se mide muchos niveles, tenemos representantes en cada categor\u00eda en todas las zonas del pa\u00eds y es la cita m\u00e1s especial del a\u00f1o en el que solo se compite en categor\u00eda individual. Adem\u00e1s, es la \u00faltima competici\u00f3n antes del Europeo, y debe servir a la selecci\u00f3n espa\u00f1ola para calentar motores de cara a ese evento\u201d, ha comentado la seleccionadora de la FEDPC, Mar\u00eda Vald\u00e9s.<\/p>\n\n\n\n<p>La competici\u00f3n se podr\u00e1 seguir en directo desde este s\u00e1bado a trav\u00e9s del siguiente enlace: https:\/\/www.youtube.com\/@FEDPCFEDERACIONDEPORTES\/live<\/p>\n\n\n\n<figure class=\"wp-block-image size-full\"><img decoding=\"async\" width=\"734\" height=\"1024\" src=\"https:\/\/www.lafresca.fm\/f-solosog\/2023\/06\/Cartel-Boccia-2023_page-0001-734x1024-1.jpg\" alt=\"\" class=\"wp-image-9553\" srcset=\"https:\/\/www.lafresca.fm\/f-solosog\/2023\/06\/Cartel-Boccia-2023_page-0001-734x1024-1.jpg 734w, https:\/\/www.lafresca.fm\/f-solosog\/2023\/06\/Cartel-Boccia-2023_page-0001-734x1024-1-552x770.jpg 552w\" sizes=\"(max-width: 734px) 100vw, 734px\" \/><\/figure>\n<script>function PlayerjsAsync(){} if(window[\"Playerjs\"]){PlayerjsAsync();}<\/script>","protected":false},"excerpt":{"rendered":"<p>Competici\u00f3n en Directo: https:\/\/www.youtube.com\/@FEDPCFEDERACIONDEPORTES\/live<\/p>\n","protected":false},"author":2,"featured_media":9552,"comment_status":"closed","ping_status":"closed","sticky":false,"template":"","format":"standard","meta":{"_monsterinsights_skip_tracking":false,"_monsterinsights_sitenote_active":false,"_monsterinsights_sitenote_note":"","_monsterinsights_sitenote_category":0,"footnotes":""},"categories":[4],"tags":[414,128,415],"class_list":["post-9550","post","type-post","status-publish","format-standard","has-post-thumbnail","hentry","category-alicante","tag-boccia","tag-ibi","tag-paco-bautista"],"aioseo_notices":[],"_links":{"self":[{"href":"https:\/\/www.lafresca.fm\/fresca-api-json\/wp\/v2\/posts\/9550","targetHints":{"allow":["GET"]}}],"collection":[{"href":"https:\/\/www.lafresca.fm\/fresca-api-json\/wp\/v2\/posts"}],"about":[{"href":"https:\/\/www.lafresca.fm\/fresca-api-json\/wp\/v2\/types\/post"}],"author":[{"embeddable":true,"href":"https:\/\/www.lafresca.fm\/fresca-api-json\/wp\/v2\/users\/2"}],"replies":[{"embeddable":true,"href":"https:\/\/www.lafresca.fm\/fresca-api-json\/wp\/v2\/comments?post=9550"}],"version-history":[{"count":2,"href":"https:\/\/www.lafresca.fm\/fresca-api-json\/wp\/v2\/posts\/9550\/revisions"}],"predecessor-version":[{"id":9555,"href":"https:\/\/www.lafresca.fm\/fresca-api-json\/wp\/v2\/posts\/9550\/revisions\/9555"}],"wp:featuredmedia":[{"embeddable":true,"href":"https:\/\/www.lafresca.fm\/fresca-api-json\/wp\/v2\/media\/9552"}],"wp:attachment":[{"href":"https:\/\/www.lafresca.fm\/fresca-api-json\/wp\/v2\/media?parent=9550"}],"wp:term":[{"taxonomy":"category","embeddable":true,"href":"https:\/\/www.lafresca.fm\/fresca-api-json\/wp\/v2\/categories?post=9550"},{"taxonomy":"post_tag","embeddable":true,"href":"https:\/\/www.lafresca.fm\/fresca-api-json\/wp\/v2\/tags?post=9550"}],"curies":[{"name":"wp","href":"https:\/\/api.w.org\/{rel}","templated":true}]}}