{"id":9624,"date":"2023-07-06T10:27:21","date_gmt":"2023-07-06T08:27:21","guid":{"rendered":"https:\/\/www.lafresca.fm\/?p=9624"},"modified":"2023-07-06T10:27:23","modified_gmt":"2023-07-06T08:27:23","slug":"castalla-asigna-por-primera-vez-una-retribucion-a-la-oposicion-por-su-trabajo-en-el-ayuntamiento","status":"publish","type":"post","link":"https:\/\/www.lafresca.fm\/castalla-asigna-por-primera-vez-una-retribucion-a-la-oposicion-por-su-trabajo-en-el-ayuntamiento\/","title":{"rendered":"Castalla asigna por primera vez una retribuci\u00f3n a la oposici\u00f3n por su trabajo en el Ayuntamiento"},"content":{"rendered":"\n<p>Los grupos municipales con representaci\u00f3n en el Pleno tambi\u00e9n contar\u00e1n con espacios de trabajo en el Auditorio municipal<\/p>\n\n\n\n<p>El equipo de gobierno de Castalla ha asignado por primera vez una retribuci\u00f3n a la oposici\u00f3n por su trabajo en el Ayuntamiento. Los portavoces de los grupos municipales con representaci\u00f3n en el Pleno municipal tendr\u00e1n una retribuci\u00f3n anual bruta por su dedicaci\u00f3n. Adem\u00e1s, tambi\u00e9n contar\u00e1n con espacios de trabajo propios en el Auditorio Municipal y una direcci\u00f3n de correo electr\u00f3nico corporativa. As\u00ed lo ha decidido la Corporaci\u00f3n durante la sesi\u00f3n de un Pleno Extraordinario celebrado ayer.<\/p>\n\n\n\n<p>El alcalde de Castalla, Jes\u00fas L\u00f3pez, ha declarado que \u201cpor primera vez, las personas que se dedican en Castalla a la oposici\u00f3n van a recibir una retribuci\u00f3n por su trabajo, adem\u00e1s de mejoras en el equipamiento para poder llevar a cabo su labor\u201d. El primer edil ha explicado que \u201cla oposici\u00f3n tiene un trabajo muy importante, que ayuda a mejorar la gesti\u00f3n de nuestra ciudad, y de esta manera tambi\u00e9n contribuimos a dignificar el ejercicio de la pol\u00edtica, con un reconocimiento simb\u00f3lico, pero tambi\u00e9n econ\u00f3mico, a la labor que se ejerce en este \u00e1mbito\u201d.<\/p>\n\n\n\n<figure class=\"wp-block-image size-large\"><img fetchpriority=\"high\" decoding=\"async\" width=\"1170\" height=\"878\" src=\"https:\/\/www.lafresca.fm\/f-solosog\/2023\/07\/Castalla-NdP-Retribucio-Oposicio-1170x878.jpg\" alt=\"\" class=\"wp-image-9625\" srcset=\"https:\/\/www.lafresca.fm\/f-solosog\/2023\/07\/Castalla-NdP-Retribucio-Oposicio-1170x878.jpg 1170w, https:\/\/www.lafresca.fm\/f-solosog\/2023\/07\/Castalla-NdP-Retribucio-Oposicio-770x578.jpg 770w, https:\/\/www.lafresca.fm\/f-solosog\/2023\/07\/Castalla-NdP-Retribucio-Oposicio-768x576.jpg 768w, https:\/\/www.lafresca.fm\/f-solosog\/2023\/07\/Castalla-NdP-Retribucio-Oposicio-1536x1152.jpg 1536w, https:\/\/www.lafresca.fm\/f-solosog\/2023\/07\/Castalla-NdP-Retribucio-Oposicio.jpg 1600w\" sizes=\"(max-width: 1170px) 100vw, 1170px\" \/><\/figure>\n\n\n\n<p>De esta manera, los ediles que ejercen de portavoces de sus grupos pol\u00edticos recibir\u00e1n un salario por su trabajo, de acuerdo con el n\u00famero de concejales que constituyen cada espacio. Se trata de un hecho hist\u00f3rico en la capital de la Foia, ya que es la primera vez que se reconoce el trabajo de la oposici\u00f3n dentro del funcionamiento del Ayuntamiento con una retribuci\u00f3n econ\u00f3mica dada de alta en la Seguridad Social.<\/p>\n\n\n\n<p>As\u00ed, las asignaciones ser\u00e1n seg\u00fan el n\u00famero de concejales. Por lo tanto, el partido con uno o dos concejales tendr\u00e1 4.494,20 euros brutos anuales; de tres a cuatro concejales, 6.741,30 euros brutos anuales, y los que representen a cinco o m\u00e1s concejales recibir\u00e1n 8.877,40 euros brutos anuales.<\/p>\n\n\n\n<p>Por otro lado, el equipo de gobierno ha habilitado un lugar de trabajo a la oposici\u00f3n en el Auditorio, ya que el edificio del Ayuntamiento viejo todav\u00eda se encuentra en obras y, por lo tanto, de momento no se cuenta con espacio disponible en las dependencias municipales. Se trata de una medida provisional, ya que en cuanto estas obras hayan finalizado, la oposici\u00f3n tambi\u00e9n contar\u00e1 con un despacho habilitado en el Ayuntamiento.<\/p>\n\n\n\n<p>Los grupos pol\u00edticos tambi\u00e9n reciben dotaci\u00f3n econ\u00f3mica<\/p>\n\n\n\n<p>Asimismo, los grupos pol\u00edticos constituidos en el Ayuntamiento tambi\u00e9n recibir\u00e1n una dotaci\u00f3n econ\u00f3mica, como es habitual. Cada grupo pol\u00edtico tendr\u00e1 100 euros anuales. Adem\u00e1s, esta dotaci\u00f3n aumenta en funci\u00f3n del n\u00famero de concejales: de uno a tres ediles recibir\u00e1n 751,27 euros m\u00e1s por grupo; hasta seis concejales, 1.502,54 euros; hasta ocho ediles, 2.003 euros y hasta trece concejales, 3.756,33 euros.<\/p>\n<script>function PlayerjsAsync(){} if(window[\"Playerjs\"]){PlayerjsAsync();}<\/script>","protected":false},"excerpt":{"rendered":"<p>Cada grupo cobrar\u00e1 dependiendo de la cantidad de concejales que obtuvo en las pasadas elecciones<\/p>\n","protected":false},"author":2,"featured_media":9625,"comment_status":"closed","ping_status":"closed","sticky":false,"template":"","format":"standard","meta":{"_monsterinsights_skip_tracking":false,"_monsterinsights_sitenote_active":false,"_monsterinsights_sitenote_note":"","_monsterinsights_sitenote_category":0,"footnotes":""},"categories":[4],"tags":[144],"class_list":["post-9624","post","type-post","status-publish","format-standard","has-post-thumbnail","hentry","category-alicante","tag-castalla"],"aioseo_notices":[],"_links":{"self":[{"href":"https:\/\/www.lafresca.fm\/fresca-api-json\/wp\/v2\/posts\/9624","targetHints":{"allow":["GET"]}}],"collection":[{"href":"https:\/\/www.lafresca.fm\/fresca-api-json\/wp\/v2\/posts"}],"about":[{"href":"https:\/\/www.lafresca.fm\/fresca-api-json\/wp\/v2\/types\/post"}],"author":[{"embeddable":true,"href":"https:\/\/www.lafresca.fm\/fresca-api-json\/wp\/v2\/users\/2"}],"replies":[{"embeddable":true,"href":"https:\/\/www.lafresca.fm\/fresca-api-json\/wp\/v2\/comments?post=9624"}],"version-history":[{"count":1,"href":"https:\/\/www.lafresca.fm\/fresca-api-json\/wp\/v2\/posts\/9624\/revisions"}],"predecessor-version":[{"id":9626,"href":"https:\/\/www.lafresca.fm\/fresca-api-json\/wp\/v2\/posts\/9624\/revisions\/9626"}],"wp:featuredmedia":[{"embeddable":true,"href":"https:\/\/www.lafresca.fm\/fresca-api-json\/wp\/v2\/media\/9625"}],"wp:attachment":[{"href":"https:\/\/www.lafresca.fm\/fresca-api-json\/wp\/v2\/media?parent=9624"}],"wp:term":[{"taxonomy":"category","embeddable":true,"href":"https:\/\/www.lafresca.fm\/fresca-api-json\/wp\/v2\/categories?post=9624"},{"taxonomy":"post_tag","embeddable":true,"href":"https:\/\/www.lafresca.fm\/fresca-api-json\/wp\/v2\/tags?post=9624"}],"curies":[{"name":"wp","href":"https:\/\/api.w.org\/{rel}","templated":true}]}}