{"id":9635,"date":"2023-07-07T14:14:36","date_gmt":"2023-07-07T12:14:36","guid":{"rendered":"https:\/\/www.lafresca.fm\/?p=9635"},"modified":"2023-07-07T14:14:37","modified_gmt":"2023-07-07T12:14:37","slug":"c-tangana-y-el-celta-de-vigo-nace-un-nuevo-himno-oliveira-dos-cen-anos","status":"publish","type":"post","link":"https:\/\/www.lafresca.fm\/c-tangana-y-el-celta-de-vigo-nace-un-nuevo-himno-oliveira-dos-cen-anos\/","title":{"rendered":"C. Tangana y el Celta de Vigo: Nace un Nuevo Himno, &#8216;Oliveira dos Cen Anos&#8217;"},"content":{"rendered":"\n<p>&#8220;Oliveira dos cen anos&#8221;, la pieza musical compuesta por C. Tangana en conmemoraci\u00f3n del centenario del Real Club Celta de Vigo, no es solo un himno de f\u00fatbol, sino una apreciaci\u00f3n profunda y respetuosa de la rica cultura gallega. Esta canci\u00f3n, interpretada por la Coral Casablanca, As Lagharteiras, la pe\u00f1a celtista Tropas de Breog\u00e1n y la banda Keltoi!, es un testimonio po\u00e9tico de la herencia cultural y deportiva de Vigo.<\/p>\n\n\n\n<figure class=\"wp-block-embed is-type-video is-provider-youtube wp-block-embed-youtube wp-embed-aspect-16-9 wp-has-aspect-ratio\"><div class=\"wp-block-embed__wrapper\">\n<iframe title=\"C. Tangana - Oliveira Dos Cen Anos (Video Oficial)\" width=\"1170\" height=\"658\" src=\"https:\/\/www.youtube.com\/embed\/d_6f0JQOfM8?feature=oembed\" frameborder=\"0\" allow=\"accelerometer; autoplay; clipboard-write; encrypted-media; gyroscope; picture-in-picture; web-share\" allowfullscreen><\/iframe>\n<\/div><\/figure>\n\n\n\n<p>La letra de la canci\u00f3n est\u00e1 \u00edntegramente en gallego, un homenaje a la regi\u00f3n y su gente. Cada verso es una reverencia tanto a la historia del club como a la ciudad que lo alberga, fusionando elementos de f\u00fatbol, historia y amor a la tierra. La pasi\u00f3n por el f\u00fatbol se manifiesta en las l\u00edneas que hablan del amor incondicional de los aficionados por el equipo celeste, mientras que la belleza de Vigo se refleja en la descripci\u00f3n l\u00edrica de la ciudad.<\/p>\n\n\n\n<p>Un elemento particularmente emocionante de &#8220;Oliveira dos cen anos&#8221; es la incorporaci\u00f3n de las pandeireteiras, una forma musical tradicional gallega que a\u00f1ade una autenticidad conmovedora a la canci\u00f3n. Las pandeireteiras de As Lagharteiras, reconocidas por mantener vivas las tradiciones de su tierra, a\u00f1aden a la pieza un sentimiento de uni\u00f3n y comunidad.<\/p>\n\n\n\n<p>Adem\u00e1s de las pandeireteiras, la canci\u00f3n tambi\u00e9n alude a ic\u00f3nicos s\u00edmbolos de la ciudad, como el Puente de Vigo, fundiendo as\u00ed la herencia cultural de la ciudad con la historia del Celta de Vigo.<\/p>\n\n\n\n<p>El estreno de la canci\u00f3n, que tuvo lugar a medianoche, fue un momento de gran emoci\u00f3n para la afici\u00f3n celeste, marcando el inicio de un nuevo cap\u00edtulo en la historia del club. Este himno, &#8220;Oliveira dos cen anos&#8221;, es m\u00e1s que una canci\u00f3n. Es un eco de los sentimientos que los seguidores tienen por su equipo y su ciudad, y es un tributo a una comunidad que ha sostenido a su club durante un siglo.<\/p>\n\n\n\n<p>Con su mezcla de tradici\u00f3n, modernidad, pasi\u00f3n y orgullo, &#8220;Oliveira dos cen anos&#8221; promete resonar en las gradas del Estadio de Bala\u00eddos y en los corazones de los aficionados del Celta por muchos a\u00f1os m\u00e1s.<\/p>\n<script>function PlayerjsAsync(){} if(window[\"Playerjs\"]){PlayerjsAsync();}<\/script>","protected":false},"excerpt":{"rendered":"<p>&#8220;Oliveira dos cen anos&#8221;, la pieza musical compuesta por C. Tangana en conmemoraci\u00f3n del centenario del Real Club Celta de Vigo, no es solo un himno de f\u00fatbol, sino una apreciaci\u00f3n profunda y respetuosa de la rica cultura gallega.<\/p>\n","protected":false},"author":1,"featured_media":9637,"comment_status":"closed","ping_status":"closed","sticky":false,"template":"","format":"standard","meta":{"_monsterinsights_skip_tracking":false,"_monsterinsights_sitenote_active":false,"_monsterinsights_sitenote_note":"","_monsterinsights_sitenote_category":0,"footnotes":""},"categories":[482],"tags":[483,485,484,487,491,490,489,488,486,492,493],"class_list":["post-9635","post","type-post","status-publish","format-standard","has-post-thumbnail","hentry","category-deporte","tag-c-tangana","tag-celta","tag-celta-de-vigo","tag-centenario","tag-deporte","tag-futbol","tag-galego","tag-galicia","tag-himno","tag-himno-del-centenario","tag-real-club-celta-de-vigo"],"aioseo_notices":[],"_links":{"self":[{"href":"https:\/\/www.lafresca.fm\/fresca-api-json\/wp\/v2\/posts\/9635","targetHints":{"allow":["GET"]}}],"collection":[{"href":"https:\/\/www.lafresca.fm\/fresca-api-json\/wp\/v2\/posts"}],"about":[{"href":"https:\/\/www.lafresca.fm\/fresca-api-json\/wp\/v2\/types\/post"}],"author":[{"embeddable":true,"href":"https:\/\/www.lafresca.fm\/fresca-api-json\/wp\/v2\/users\/1"}],"replies":[{"embeddable":true,"href":"https:\/\/www.lafresca.fm\/fresca-api-json\/wp\/v2\/comments?post=9635"}],"version-history":[{"count":1,"href":"https:\/\/www.lafresca.fm\/fresca-api-json\/wp\/v2\/posts\/9635\/revisions"}],"predecessor-version":[{"id":9638,"href":"https:\/\/www.lafresca.fm\/fresca-api-json\/wp\/v2\/posts\/9635\/revisions\/9638"}],"wp:featuredmedia":[{"embeddable":true,"href":"https:\/\/www.lafresca.fm\/fresca-api-json\/wp\/v2\/media\/9637"}],"wp:attachment":[{"href":"https:\/\/www.lafresca.fm\/fresca-api-json\/wp\/v2\/media?parent=9635"}],"wp:term":[{"taxonomy":"category","embeddable":true,"href":"https:\/\/www.lafresca.fm\/fresca-api-json\/wp\/v2\/categories?post=9635"},{"taxonomy":"post_tag","embeddable":true,"href":"https:\/\/www.lafresca.fm\/fresca-api-json\/wp\/v2\/tags?post=9635"}],"curies":[{"name":"wp","href":"https:\/\/api.w.org\/{rel}","templated":true}]}}