{"id":9644,"date":"2023-07-10T08:45:03","date_gmt":"2023-07-10T06:45:03","guid":{"rendered":"https:\/\/www.lafresca.fm\/?p=9644"},"modified":"2023-07-10T08:45:06","modified_gmt":"2023-07-10T06:45:06","slug":"medalla-de-oro-y-bronce-para-las-judocas-marina-castello-y-mireia-rodriguez-respectivamente","status":"publish","type":"post","link":"https:\/\/www.lafresca.fm\/medalla-de-oro-y-bronce-para-las-judocas-marina-castello-y-mireia-rodriguez-respectivamente\/","title":{"rendered":"Medalla de Oro y Bronce para las judocas Marina Castell\u00f3 y Mireia Rodr\u00edguez respectivamente"},"content":{"rendered":"\n<p>Enhorabuena\u00a0a las dos Judocas de Castalla, Marina Castell\u00f3 en -52Kg con una medalla de Oro y Mireia Rodr\u00edguez -48Kg medalla de Plata. Lo han conseguido en el Open Europeo que se est\u00e1 celebrando en Tallin (Estonia)\u00a0<\/p>\n\n\n\n<figure class=\"wp-block-image size-large\"><img fetchpriority=\"high\" decoding=\"async\" width=\"887\" height=\"1170\" src=\"https:\/\/www.lafresca.fm\/f-solosog\/2023\/07\/347449962_571174368561841_1347052286424168150_n-887x1170.jpg\" alt=\"\" class=\"wp-image-9645\" srcset=\"https:\/\/www.lafresca.fm\/f-solosog\/2023\/07\/347449962_571174368561841_1347052286424168150_n-887x1170.jpg 887w, https:\/\/www.lafresca.fm\/f-solosog\/2023\/07\/347449962_571174368561841_1347052286424168150_n-584x770.jpg 584w, https:\/\/www.lafresca.fm\/f-solosog\/2023\/07\/347449962_571174368561841_1347052286424168150_n-768x1013.jpg 768w, https:\/\/www.lafresca.fm\/f-solosog\/2023\/07\/347449962_571174368561841_1347052286424168150_n-1165x1536.jpg 1165w, https:\/\/www.lafresca.fm\/f-solosog\/2023\/07\/347449962_571174368561841_1347052286424168150_n.jpg 1553w\" sizes=\"(max-width: 887px) 100vw, 887px\" \/><\/figure>\n<script>function PlayerjsAsync(){} if(window[\"Playerjs\"]){PlayerjsAsync();}<\/script>","protected":false},"excerpt":{"rendered":"<p>Lo consiguen en el Open Europeo de Tallin (Estonia)\u00a0<\/p>\n","protected":false},"author":2,"featured_media":9645,"comment_status":"closed","ping_status":"closed","sticky":false,"template":"","format":"standard","meta":{"_monsterinsights_skip_tracking":false,"_monsterinsights_sitenote_active":false,"_monsterinsights_sitenote_note":"","_monsterinsights_sitenote_category":0,"footnotes":""},"categories":[4],"tags":[390],"class_list":["post-9644","post","type-post","status-publish","format-standard","has-post-thumbnail","hentry","category-alicante","tag-judo"],"aioseo_notices":[],"_links":{"self":[{"href":"https:\/\/www.lafresca.fm\/fresca-api-json\/wp\/v2\/posts\/9644","targetHints":{"allow":["GET"]}}],"collection":[{"href":"https:\/\/www.lafresca.fm\/fresca-api-json\/wp\/v2\/posts"}],"about":[{"href":"https:\/\/www.lafresca.fm\/fresca-api-json\/wp\/v2\/types\/post"}],"author":[{"embeddable":true,"href":"https:\/\/www.lafresca.fm\/fresca-api-json\/wp\/v2\/users\/2"}],"replies":[{"embeddable":true,"href":"https:\/\/www.lafresca.fm\/fresca-api-json\/wp\/v2\/comments?post=9644"}],"version-history":[{"count":1,"href":"https:\/\/www.lafresca.fm\/fresca-api-json\/wp\/v2\/posts\/9644\/revisions"}],"predecessor-version":[{"id":9646,"href":"https:\/\/www.lafresca.fm\/fresca-api-json\/wp\/v2\/posts\/9644\/revisions\/9646"}],"wp:featuredmedia":[{"embeddable":true,"href":"https:\/\/www.lafresca.fm\/fresca-api-json\/wp\/v2\/media\/9645"}],"wp:attachment":[{"href":"https:\/\/www.lafresca.fm\/fresca-api-json\/wp\/v2\/media?parent=9644"}],"wp:term":[{"taxonomy":"category","embeddable":true,"href":"https:\/\/www.lafresca.fm\/fresca-api-json\/wp\/v2\/categories?post=9644"},{"taxonomy":"post_tag","embeddable":true,"href":"https:\/\/www.lafresca.fm\/fresca-api-json\/wp\/v2\/tags?post=9644"}],"curies":[{"name":"wp","href":"https:\/\/api.w.org\/{rel}","templated":true}]}}