{"id":9647,"date":"2023-07-10T08:47:51","date_gmt":"2023-07-10T06:47:51","guid":{"rendered":"https:\/\/www.lafresca.fm\/?p=9647"},"modified":"2023-07-10T08:47:52","modified_gmt":"2023-07-10T06:47:52","slug":"el-colivenc-antonio-martinez-perez-vence-en-el-tercer-trail-val-daran-by-utmb","status":"publish","type":"post","link":"https:\/\/www.lafresca.fm\/el-colivenc-antonio-martinez-perez-vence-en-el-tercer-trail-val-daran-by-utmb\/","title":{"rendered":"El Colivenc Antonio Mart\u00ednez P\u00e9rez vence en el Tercer Trail Val d\u2019Aran by UTMB"},"content":{"rendered":"\n<p>El Colivenc Antonio Mart\u00ednez P\u00e9rez vence en el Tercer Trail Val d\u2019Aran by UTMB y consigue plaza para la OCC (UTMB) que se disputar\u00e1 a finales de agosto.\ud83c\udfc3 ENHORABUENA\u203c\ufe0f<\/p>\n\n\n\n<p>Cr\u00f3nica de Antonio:<\/p>\n\n\n\n<p>Carrera corta pero muy intensa desde el inicio, en la que dio tiempo para poco -y mucho a la vez \ud83e\udd75-, as\u00ed que ya tenemos excusa para volver el a\u00f1o que viene y seguir explorando este para\u00edso. Content\u00edsimo de como est\u00e1 yendo todo y con ganas de m\u00e1s.<\/p>\n\n\n\n<figure class=\"wp-block-image size-full\"><img fetchpriority=\"high\" decoding=\"async\" width=\"1080\" height=\"1080\" src=\"https:\/\/www.lafresca.fm\/f-solosog\/2023\/07\/347605763_571235268555751_5312383458263112013_n.jpg\" alt=\"\" class=\"wp-image-9648\" srcset=\"https:\/\/www.lafresca.fm\/f-solosog\/2023\/07\/347605763_571235268555751_5312383458263112013_n.jpg 1080w, https:\/\/www.lafresca.fm\/f-solosog\/2023\/07\/347605763_571235268555751_5312383458263112013_n-770x770.jpg 770w, https:\/\/www.lafresca.fm\/f-solosog\/2023\/07\/347605763_571235268555751_5312383458263112013_n-150x150.jpg 150w, https:\/\/www.lafresca.fm\/f-solosog\/2023\/07\/347605763_571235268555751_5312383458263112013_n-768x768.jpg 768w, https:\/\/www.lafresca.fm\/f-solosog\/2023\/07\/347605763_571235268555751_5312383458263112013_n-100x100.jpg 100w, https:\/\/www.lafresca.fm\/f-solosog\/2023\/07\/347605763_571235268555751_5312383458263112013_n-370x370.jpg 370w\" sizes=\"(max-width: 1080px) 100vw, 1080px\" \/><\/figure>\n<script>function PlayerjsAsync(){} if(window[\"Playerjs\"]){PlayerjsAsync();}<\/script>","protected":false},"excerpt":{"rendered":"<p>Con este resultado, Antonio consigue plaza para la OCC (UTMB) que se disputar\u00e1 a finales de agosto.<\/p>\n","protected":false},"author":2,"featured_media":9648,"comment_status":"closed","ping_status":"closed","sticky":false,"template":"","format":"standard","meta":{"_monsterinsights_skip_tracking":false,"_monsterinsights_sitenote_active":false,"_monsterinsights_sitenote_note":"","_monsterinsights_sitenote_category":0,"footnotes":""},"categories":[4],"tags":[398],"class_list":["post-9647","post","type-post","status-publish","format-standard","has-post-thumbnail","hentry","category-alicante","tag-antonio-martinez"],"aioseo_notices":[],"_links":{"self":[{"href":"https:\/\/www.lafresca.fm\/fresca-api-json\/wp\/v2\/posts\/9647","targetHints":{"allow":["GET"]}}],"collection":[{"href":"https:\/\/www.lafresca.fm\/fresca-api-json\/wp\/v2\/posts"}],"about":[{"href":"https:\/\/www.lafresca.fm\/fresca-api-json\/wp\/v2\/types\/post"}],"author":[{"embeddable":true,"href":"https:\/\/www.lafresca.fm\/fresca-api-json\/wp\/v2\/users\/2"}],"replies":[{"embeddable":true,"href":"https:\/\/www.lafresca.fm\/fresca-api-json\/wp\/v2\/comments?post=9647"}],"version-history":[{"count":1,"href":"https:\/\/www.lafresca.fm\/fresca-api-json\/wp\/v2\/posts\/9647\/revisions"}],"predecessor-version":[{"id":9649,"href":"https:\/\/www.lafresca.fm\/fresca-api-json\/wp\/v2\/posts\/9647\/revisions\/9649"}],"wp:featuredmedia":[{"embeddable":true,"href":"https:\/\/www.lafresca.fm\/fresca-api-json\/wp\/v2\/media\/9648"}],"wp:attachment":[{"href":"https:\/\/www.lafresca.fm\/fresca-api-json\/wp\/v2\/media?parent=9647"}],"wp:term":[{"taxonomy":"category","embeddable":true,"href":"https:\/\/www.lafresca.fm\/fresca-api-json\/wp\/v2\/categories?post=9647"},{"taxonomy":"post_tag","embeddable":true,"href":"https:\/\/www.lafresca.fm\/fresca-api-json\/wp\/v2\/tags?post=9647"}],"curies":[{"name":"wp","href":"https:\/\/api.w.org\/{rel}","templated":true}]}}