{"id":9673,"date":"2023-07-14T11:34:50","date_gmt":"2023-07-14T09:34:50","guid":{"rendered":"https:\/\/www.lafresca.fm\/?p=9673"},"modified":"2023-07-14T11:34:51","modified_gmt":"2023-07-14T09:34:51","slug":"ibiae-se-reune-con-el-nuevo-alcalde-de-castalla","status":"publish","type":"post","link":"https:\/\/www.lafresca.fm\/ibiae-se-reune-con-el-nuevo-alcalde-de-castalla\/","title":{"rendered":"IBIAE se re\u00fane con el nuevo alcalde de Castalla"},"content":{"rendered":"\n<p>El presidente y el director de&nbsp;<strong>IBIAE<\/strong>,&nbsp;<strong>Bernardo Guillem&nbsp;<\/strong>y&nbsp;<strong>H\u00e9ctor Torrente<\/strong>, as\u00ed como representantes de la asociaci\u00f3n en Castalla, se han reunido con el alcalde castallense,&nbsp;<strong>Jes\u00fas L\u00f3pez<\/strong>, para tratar cuestiones importantes para las empresas ubicadas en la localidad.<\/p>\n\n\n\n<p>Entre los temas relevantes,\u00a0<strong>IBIAE<\/strong>\u00a0ha expuesto la necesidad del\u00a0<strong>mantenimiento de los pol\u00edgonos\u00a0<\/strong>industriales, desarrollo de\u00a0<strong>nuevo suelo industrial<\/strong>\u00a0de calidad, puesta en marcha de la\u00a0<strong>segunda subestaci\u00f3n el\u00e9ctrica<\/strong>, nuevo ciclo de\u00a0<strong>Formaci\u00f3n Profesional de mantenimiento industrial<\/strong>,\u00a0<strong>EGM Pol\u00edgono I La Foia de Castalla<\/strong>\u00a0y mesa de trabajo para\u00a0<strong>agilizar las licencias\u00a0<\/strong>con Urbanismo, entre otros.<\/p>\n\n\n\n<figure class=\"wp-block-image size-full\"><img fetchpriority=\"high\" decoding=\"async\" width=\"1000\" height=\"750\" src=\"https:\/\/www.lafresca.fm\/f-solosog\/2023\/07\/reunion-ibiae-castalla-julio-2023-1.jpg\" alt=\"\" class=\"wp-image-9674\" srcset=\"https:\/\/www.lafresca.fm\/f-solosog\/2023\/07\/reunion-ibiae-castalla-julio-2023-1.jpg 1000w, https:\/\/www.lafresca.fm\/f-solosog\/2023\/07\/reunion-ibiae-castalla-julio-2023-1-770x578.jpg 770w, https:\/\/www.lafresca.fm\/f-solosog\/2023\/07\/reunion-ibiae-castalla-julio-2023-1-768x576.jpg 768w\" sizes=\"(max-width: 1000px) 100vw, 1000px\" \/><\/figure>\n\n\n\n<p><strong>Trayectoria de IBIAE<\/strong><\/p>\n\n\n\n<p><strong>IBIAE<\/strong>&nbsp;fue fundada por los empresarios en el a\u00f1o 1993. Es una&nbsp;<strong>asociaci\u00f3n empresarial sin \u00e1nimo de lucro<\/strong>&nbsp;que representa y defiende los intereses comunes empresariales de la Foia de Castalla, formada por&nbsp;<strong>m\u00e1s de 1.100 empresas.<\/strong><\/p>\n\n\n\n<p>El objeto de&nbsp;<strong>IBIAE<\/strong>&nbsp;es tutelar, gestionar y representar a cualquier nivel, los intereses empresariales comunes y facilitar la promoci\u00f3n comercial, industrial, social y cultural de la comarca de la Foia de Castalla.<\/p>\n\n\n\n<p><strong>IBIAE&nbsp;<\/strong>es un organismo empresarial reconocido a todos los niveles en la Comunitat Valenciana, que apoya la creaci\u00f3n de empresas, la formaci\u00f3n cualificada de los empleados, y da a conocer el potencial industrial de la Foia de Castalla.<\/p>\n<script>function PlayerjsAsync(){} if(window[\"Playerjs\"]){PlayerjsAsync();}<\/script>","protected":false},"excerpt":{"rendered":"<p>El presidente y el director de&nbsp;IBIAE,&nbsp;Bernardo Guillem&nbsp;y&nbsp;H\u00e9ctor Torrente, as\u00ed como representantes de la asociaci\u00f3n en Castalla, se han reunido con el alcalde castallense,&nbsp;Jes\u00fas L\u00f3pez, para tratar cuestiones importantes para las empresas ubicadas en la localidad. Entre los temas relevantes,\u00a0IBIAE\u00a0ha expuesto la necesidad del\u00a0mantenimiento de los pol\u00edgonos\u00a0industriales, desarrollo de\u00a0nuevo suelo industrial\u00a0de ...<\/p>\n","protected":false},"author":2,"featured_media":9674,"comment_status":"closed","ping_status":"closed","sticky":false,"template":"","format":"standard","meta":{"_monsterinsights_skip_tracking":false,"_monsterinsights_sitenote_active":false,"_monsterinsights_sitenote_note":"","_monsterinsights_sitenote_category":0,"footnotes":""},"categories":[4],"tags":[144,181],"class_list":["post-9673","post","type-post","status-publish","format-standard","has-post-thumbnail","hentry","category-alicante","tag-castalla","tag-ibiae"],"aioseo_notices":[],"_links":{"self":[{"href":"https:\/\/www.lafresca.fm\/fresca-api-json\/wp\/v2\/posts\/9673","targetHints":{"allow":["GET"]}}],"collection":[{"href":"https:\/\/www.lafresca.fm\/fresca-api-json\/wp\/v2\/posts"}],"about":[{"href":"https:\/\/www.lafresca.fm\/fresca-api-json\/wp\/v2\/types\/post"}],"author":[{"embeddable":true,"href":"https:\/\/www.lafresca.fm\/fresca-api-json\/wp\/v2\/users\/2"}],"replies":[{"embeddable":true,"href":"https:\/\/www.lafresca.fm\/fresca-api-json\/wp\/v2\/comments?post=9673"}],"version-history":[{"count":1,"href":"https:\/\/www.lafresca.fm\/fresca-api-json\/wp\/v2\/posts\/9673\/revisions"}],"predecessor-version":[{"id":9675,"href":"https:\/\/www.lafresca.fm\/fresca-api-json\/wp\/v2\/posts\/9673\/revisions\/9675"}],"wp:featuredmedia":[{"embeddable":true,"href":"https:\/\/www.lafresca.fm\/fresca-api-json\/wp\/v2\/media\/9674"}],"wp:attachment":[{"href":"https:\/\/www.lafresca.fm\/fresca-api-json\/wp\/v2\/media?parent=9673"}],"wp:term":[{"taxonomy":"category","embeddable":true,"href":"https:\/\/www.lafresca.fm\/fresca-api-json\/wp\/v2\/categories?post=9673"},{"taxonomy":"post_tag","embeddable":true,"href":"https:\/\/www.lafresca.fm\/fresca-api-json\/wp\/v2\/tags?post=9673"}],"curies":[{"name":"wp","href":"https:\/\/api.w.org\/{rel}","templated":true}]}}