{"id":9700,"date":"2023-07-19T08:47:16","date_gmt":"2023-07-19T06:47:16","guid":{"rendered":"https:\/\/www.lafresca.fm\/?p=9700"},"modified":"2023-07-19T08:47:18","modified_gmt":"2023-07-19T06:47:18","slug":"onil-confirma-su-calendario-festero-del-2024","status":"publish","type":"post","link":"https:\/\/www.lafresca.fm\/onil-confirma-su-calendario-festero-del-2024\/","title":{"rendered":"Onil confirma su calendario festero del 2024"},"content":{"rendered":"\n<p>Comunicado Calendario fechas de las Fiestas de Moros y Cristianos de Onil 2024:<\/p>\n\n\n\n<p>Fechas acordadas en Junta de Gobierno de la Asociaci\u00f3n de Comparsas de Moros y Cristianos &#8220;Virgen de la Salud&#8221; de Onil de los diferentes actos festeros de las Fiestas de Moros y Cristianos de Onil 2024, en honor a Ntra. Sra. de la Salud, Patrona de esta villa (Fiestas de Inter\u00e9s Tur\u00edstico Auton\u00f3mico de la Comunitat Valenciana):<\/p>\n\n\n\n<p>\u2022 \u201cMig Any\u201d: 21 de octubre de 2023 (pen\u00faltimo fin de semana de <a><\/a>octubre)<\/p>\n\n\n\n<p>\u2022 Exaltaci\u00f3n Festera: \u201cPresentaci\u00f3n de Capitanes, Cargos y Preg\u00f3n\u201d 2024: 16 de marzo<\/p>\n\n\n\n<p>\u2022 Presentaci\u00f3n del Libro-programa de Fiestas 2024: 22 de marzo<\/p>\n\n\n\n<p>\u2022 D\u00eda de la \u201cVolta\u201d y Presentaci\u00f3n del Cartel de Fiestas 2024: 23 de marzo<\/p>\n\n\n\n<p>\u2022 Retretas 2024: 13 de abril (del Bando Cristiano) y 20 de abril (del Bando Moro)<\/p>\n\n\n\n<p>\u2022 Fiestas de Moros y Cristianos de Onil 2024: del 28 de abril al 1 de mayo (seg\u00fan el calendario que se vot\u00f3 y aprob\u00f3 en su momento). &#8220;Nit de l&#8217;Olleta&#8221;, 27 de abril.<\/p>\n<script>function PlayerjsAsync(){} if(window[\"Playerjs\"]){PlayerjsAsync();}<\/script>","protected":false},"excerpt":{"rendered":"<p>Fechas de las Fiestas de Moros y Cristianos de Onil 2024<\/p>\n","protected":false},"author":2,"featured_media":9701,"comment_status":"closed","ping_status":"closed","sticky":false,"template":"","format":"standard","meta":{"_monsterinsights_skip_tracking":false,"_monsterinsights_sitenote_active":false,"_monsterinsights_sitenote_note":"","_monsterinsights_sitenote_category":0,"footnotes":""},"categories":[4],"tags":[506,133],"class_list":["post-9700","post","type-post","status-publish","format-standard","has-post-thumbnail","hentry","category-alicante","tag-calendario-festero-onil-2024","tag-onil"],"aioseo_notices":[],"_links":{"self":[{"href":"https:\/\/www.lafresca.fm\/fresca-api-json\/wp\/v2\/posts\/9700","targetHints":{"allow":["GET"]}}],"collection":[{"href":"https:\/\/www.lafresca.fm\/fresca-api-json\/wp\/v2\/posts"}],"about":[{"href":"https:\/\/www.lafresca.fm\/fresca-api-json\/wp\/v2\/types\/post"}],"author":[{"embeddable":true,"href":"https:\/\/www.lafresca.fm\/fresca-api-json\/wp\/v2\/users\/2"}],"replies":[{"embeddable":true,"href":"https:\/\/www.lafresca.fm\/fresca-api-json\/wp\/v2\/comments?post=9700"}],"version-history":[{"count":1,"href":"https:\/\/www.lafresca.fm\/fresca-api-json\/wp\/v2\/posts\/9700\/revisions"}],"predecessor-version":[{"id":9702,"href":"https:\/\/www.lafresca.fm\/fresca-api-json\/wp\/v2\/posts\/9700\/revisions\/9702"}],"wp:featuredmedia":[{"embeddable":true,"href":"https:\/\/www.lafresca.fm\/fresca-api-json\/wp\/v2\/media\/9701"}],"wp:attachment":[{"href":"https:\/\/www.lafresca.fm\/fresca-api-json\/wp\/v2\/media?parent=9700"}],"wp:term":[{"taxonomy":"category","embeddable":true,"href":"https:\/\/www.lafresca.fm\/fresca-api-json\/wp\/v2\/categories?post=9700"},{"taxonomy":"post_tag","embeddable":true,"href":"https:\/\/www.lafresca.fm\/fresca-api-json\/wp\/v2\/tags?post=9700"}],"curies":[{"name":"wp","href":"https:\/\/api.w.org\/{rel}","templated":true}]}}