{"id":9770,"date":"2023-08-01T10:25:52","date_gmt":"2023-08-01T08:25:52","guid":{"rendered":"https:\/\/www.lafresca.fm\/?p=9770"},"modified":"2023-08-01T10:25:54","modified_gmt":"2023-08-01T08:25:54","slug":"bando-ibi-celebra-el-6-de-agosto-la-fiesta-en-honor-a-su-patron-el-salvador","status":"publish","type":"post","link":"https:\/\/www.lafresca.fm\/bando-ibi-celebra-el-6-de-agosto-la-fiesta-en-honor-a-su-patron-el-salvador\/","title":{"rendered":"BANDO: Ibi celebra el 6 de agosto la fiesta en honor a su patr\u00f3n \u201cEl Salvador\u201d"},"content":{"rendered":"\n<p>El pr\u00f3ximo domingo, 6 de agosto, los vecinos y vecinas de Ibi celebrar\u00e1n la festividad de \u201cEl Salvador\u201d, patr\u00f3n de la localidad. Para ello, se oficiar\u00e1 una misa en honor al Santo en la Parroquia de la Transfiguraci\u00f3n del Se\u00f1or, a las 20:00h.<\/p>\n\n\n\n<figure class=\"wp-block-image size-large\"><img fetchpriority=\"high\" decoding=\"async\" width=\"847\" height=\"1170\" src=\"https:\/\/www.lafresca.fm\/f-solosog\/2023\/08\/Festividad-El-Salvador-2023-847x1170.jpg\" alt=\"\" class=\"wp-image-9771\" srcset=\"https:\/\/www.lafresca.fm\/f-solosog\/2023\/08\/Festividad-El-Salvador-2023-847x1170.jpg 847w, https:\/\/www.lafresca.fm\/f-solosog\/2023\/08\/Festividad-El-Salvador-2023-558x770.jpg 558w, https:\/\/www.lafresca.fm\/f-solosog\/2023\/08\/Festividad-El-Salvador-2023-768x1060.jpg 768w, https:\/\/www.lafresca.fm\/f-solosog\/2023\/08\/Festividad-El-Salvador-2023-1112x1536.jpg 1112w, https:\/\/www.lafresca.fm\/f-solosog\/2023\/08\/Festividad-El-Salvador-2023.jpg 1200w\" sizes=\"(max-width: 847px) 100vw, 847px\" \/><\/figure>\n\n\n\n<p>Al finalizar, habr\u00e1 un pasacalles hasta la plaza de la Palla donde habitualmente se celebra el acto festivo de la jornada con reparto, sobre las 20:45 h, de horchata y agua lim\u00f3n para las personas asistentes. Adem\u00e1s, a las 21:00 h, se celebrar\u00e1 una tradicional Nit de Ball.<\/p>\n\n\n\n<p>El teniente de alcalde de Tradiciones, Joan Josep Sarri\u00f3, anima a todos los vecinos y vecinas de Ibi a participar en esta singular fiesta en honor al patr\u00f3n de Ibi y pasar una tarde agradable y divertida en compa\u00f1\u00eda de familiares, amigos y vecinos.<\/p>\n\n\n\n<figure class=\"wp-block-image size-large\"><img decoding=\"async\" width=\"827\" height=\"1170\" src=\"https:\/\/www.lafresca.fm\/f-solosog\/2023\/08\/BANDO-EL-SALVADOR-827x1170.jpg\" alt=\"\" class=\"wp-image-9772\" srcset=\"https:\/\/www.lafresca.fm\/f-solosog\/2023\/08\/BANDO-EL-SALVADOR-827x1170.jpg 827w, https:\/\/www.lafresca.fm\/f-solosog\/2023\/08\/BANDO-EL-SALVADOR-545x770.jpg 545w, https:\/\/www.lafresca.fm\/f-solosog\/2023\/08\/BANDO-EL-SALVADOR-768x1086.jpg 768w, https:\/\/www.lafresca.fm\/f-solosog\/2023\/08\/BANDO-EL-SALVADOR-1086x1536.jpg 1086w, https:\/\/www.lafresca.fm\/f-solosog\/2023\/08\/BANDO-EL-SALVADOR-1448x2048.jpg 1448w, https:\/\/www.lafresca.fm\/f-solosog\/2023\/08\/BANDO-EL-SALVADOR.jpg 1500w\" sizes=\"(max-width: 827px) 100vw, 827px\" \/><\/figure>\n<script>function PlayerjsAsync(){} if(window[\"Playerjs\"]){PlayerjsAsync();}<\/script>","protected":false},"excerpt":{"rendered":"<p>El pr\u00f3ximo domingo, 6 de agosto, los vecinos y vecinas de Ibi celebrar\u00e1n la festividad de \u201cEl Salvador\u201d, patr\u00f3n de la localidad. Para ello, se oficiar\u00e1 una misa en honor al Santo en la Parroquia de la Transfiguraci\u00f3n del Se\u00f1or, a las 20:00h. Al finalizar, habr\u00e1 un pasacalles hasta la ...<\/p>\n","protected":false},"author":2,"featured_media":9771,"comment_status":"closed","ping_status":"closed","sticky":false,"template":"","format":"standard","meta":{"_monsterinsights_skip_tracking":false,"_monsterinsights_sitenote_active":false,"_monsterinsights_sitenote_note":"","_monsterinsights_sitenote_category":0,"footnotes":""},"categories":[4],"tags":[128,522],"class_list":["post-9770","post","type-post","status-publish","format-standard","has-post-thumbnail","hentry","category-alicante","tag-ibi","tag-san-salvador-ibi"],"aioseo_notices":[],"_links":{"self":[{"href":"https:\/\/www.lafresca.fm\/fresca-api-json\/wp\/v2\/posts\/9770","targetHints":{"allow":["GET"]}}],"collection":[{"href":"https:\/\/www.lafresca.fm\/fresca-api-json\/wp\/v2\/posts"}],"about":[{"href":"https:\/\/www.lafresca.fm\/fresca-api-json\/wp\/v2\/types\/post"}],"author":[{"embeddable":true,"href":"https:\/\/www.lafresca.fm\/fresca-api-json\/wp\/v2\/users\/2"}],"replies":[{"embeddable":true,"href":"https:\/\/www.lafresca.fm\/fresca-api-json\/wp\/v2\/comments?post=9770"}],"version-history":[{"count":1,"href":"https:\/\/www.lafresca.fm\/fresca-api-json\/wp\/v2\/posts\/9770\/revisions"}],"predecessor-version":[{"id":9773,"href":"https:\/\/www.lafresca.fm\/fresca-api-json\/wp\/v2\/posts\/9770\/revisions\/9773"}],"wp:featuredmedia":[{"embeddable":true,"href":"https:\/\/www.lafresca.fm\/fresca-api-json\/wp\/v2\/media\/9771"}],"wp:attachment":[{"href":"https:\/\/www.lafresca.fm\/fresca-api-json\/wp\/v2\/media?parent=9770"}],"wp:term":[{"taxonomy":"category","embeddable":true,"href":"https:\/\/www.lafresca.fm\/fresca-api-json\/wp\/v2\/categories?post=9770"},{"taxonomy":"post_tag","embeddable":true,"href":"https:\/\/www.lafresca.fm\/fresca-api-json\/wp\/v2\/tags?post=9770"}],"curies":[{"name":"wp","href":"https:\/\/api.w.org\/{rel}","templated":true}]}}