{"id":9778,"date":"2023-08-02T15:30:29","date_gmt":"2023-08-02T13:30:29","guid":{"rendered":"https:\/\/www.lafresca.fm\/?p=9778"},"modified":"2023-08-02T15:30:31","modified_gmt":"2023-08-02T13:30:31","slug":"ibi-paga-las-ayudas-economicas-a-pymes-y-autonomos-que-se-encontraban-bloqueadas-desde-enero","status":"publish","type":"post","link":"https:\/\/www.lafresca.fm\/ibi-paga-las-ayudas-economicas-a-pymes-y-autonomos-que-se-encontraban-bloqueadas-desde-enero\/","title":{"rendered":"Ibi paga las ayudas econ\u00f3micas a pymes y aut\u00f3nomos que se encontraban bloqueadas desde enero"},"content":{"rendered":"\n<p>El importe total de las subvenciones asciende a 125.744,42 \u20ac y est\u00e1 financiado por la Diputaci\u00f3n de Alicante<\/p>\n\n\n\n<p>El Ayuntamiento de Ibi, desde las concejal\u00edas de Hacienda y Comercio, han procedido al pago de las ayudas econ\u00f3micas que desde la Diputaci\u00f3n de Alicante se conceden con el objetivo de paliar el impacto econ\u00f3mico que la crisis energ\u00e9tica actual est\u00e1 suponiendo para pymes, micropymes y aut\u00f3nomos de Ibi, correspondiente a la anualidad 2022 y que ascienden a 125.744,42 \u20ac<\/p>\n\n\n\n<p>Dichas ayudas se encontraban bloqueadas en el consistorio desde el pasado mes de enero y es ahora cuando se ha procedido a su pago, permitiendo que las personas que las hab\u00edan solicitado hayan podido disponer ya de la cantidad que les hab\u00eda sido asignada. Ha habido un total de 314 solicitudes, de las cuales 299 fueron admitidas y solo 15 denegadas, por lo que son muchas las pymes, micropymes y personas aut\u00f3nomas de Ibi las que se han podido beneficiar de unas ayudas que van dirigidas a aliviar ese gasto econ\u00f3mico a\u00f1adido.<\/p>\n\n\n\n<p>El alcalde de Ibi, Sergio Carrasco, declara que \u201cestamos intentando acelerar el m\u00e1ximo posible el pago de ayudas y subvenciones, sobre todo las que llevan tanto atraso, ya que lo importante es que la ciudadan\u00eda pueda disponer de esas subvenciones cuyo objetivo claro es el de echar un cable a todas las peque\u00f1as y medianas empresas que trabajan d\u00eda a d\u00eda para mantener a su flote su negocio y ofrecer el mejor servicio. Por lo que nos satisface enormemente haber podido hacerles llegar ya la suma que les corresponde\u201d.<\/p>\n\n\n\n<p><\/p>\n<script>function PlayerjsAsync(){} if(window[\"Playerjs\"]){PlayerjsAsync();}<\/script>","protected":false},"excerpt":{"rendered":"<p>El importe asciende a 125.744,42 \u20ac y est\u00e1 financiado por la Diputaci\u00f3n de Alicante<\/p>\n","protected":false},"author":2,"featured_media":9779,"comment_status":"closed","ping_status":"closed","sticky":false,"template":"","format":"standard","meta":{"_monsterinsights_skip_tracking":false,"_monsterinsights_sitenote_active":false,"_monsterinsights_sitenote_note":"","_monsterinsights_sitenote_category":0,"footnotes":""},"categories":[4],"tags":[128],"class_list":["post-9778","post","type-post","status-publish","format-standard","has-post-thumbnail","hentry","category-alicante","tag-ibi"],"aioseo_notices":[],"_links":{"self":[{"href":"https:\/\/www.lafresca.fm\/fresca-api-json\/wp\/v2\/posts\/9778","targetHints":{"allow":["GET"]}}],"collection":[{"href":"https:\/\/www.lafresca.fm\/fresca-api-json\/wp\/v2\/posts"}],"about":[{"href":"https:\/\/www.lafresca.fm\/fresca-api-json\/wp\/v2\/types\/post"}],"author":[{"embeddable":true,"href":"https:\/\/www.lafresca.fm\/fresca-api-json\/wp\/v2\/users\/2"}],"replies":[{"embeddable":true,"href":"https:\/\/www.lafresca.fm\/fresca-api-json\/wp\/v2\/comments?post=9778"}],"version-history":[{"count":1,"href":"https:\/\/www.lafresca.fm\/fresca-api-json\/wp\/v2\/posts\/9778\/revisions"}],"predecessor-version":[{"id":9780,"href":"https:\/\/www.lafresca.fm\/fresca-api-json\/wp\/v2\/posts\/9778\/revisions\/9780"}],"wp:featuredmedia":[{"embeddable":true,"href":"https:\/\/www.lafresca.fm\/fresca-api-json\/wp\/v2\/media\/9779"}],"wp:attachment":[{"href":"https:\/\/www.lafresca.fm\/fresca-api-json\/wp\/v2\/media?parent=9778"}],"wp:term":[{"taxonomy":"category","embeddable":true,"href":"https:\/\/www.lafresca.fm\/fresca-api-json\/wp\/v2\/categories?post=9778"},{"taxonomy":"post_tag","embeddable":true,"href":"https:\/\/www.lafresca.fm\/fresca-api-json\/wp\/v2\/tags?post=9778"}],"curies":[{"name":"wp","href":"https:\/\/api.w.org\/{rel}","templated":true}]}}