{"id":9814,"date":"2023-08-09T13:47:05","date_gmt":"2023-08-09T11:47:05","guid":{"rendered":"https:\/\/www.lafresca.fm\/?p=9814"},"modified":"2023-08-09T13:47:07","modified_gmt":"2023-08-09T11:47:07","slug":"la-aemet-activa-este-jueves-la-alerta-por-temperaturas-de-hasta-44-grados","status":"publish","type":"post","link":"https:\/\/www.lafresca.fm\/la-aemet-activa-este-jueves-la-alerta-por-temperaturas-de-hasta-44-grados\/","title":{"rendered":"La AEMET activa este jueves la alerta por temperaturas de hasta 44 grados"},"content":{"rendered":"\n<p>Publicaci\u00f3n del Laboratorio de Climatolog\u00eda de la Universidad de Alicante <\/p>\n\n\n\n<p>La masa de aire muy c\u00e1lido que est\u00e1 afectando a gran parte de Espa\u00f1a se desplazar\u00e1 en las pr\u00f3ximas horas hacia el litoral mediterr\u00e1neo. La de ma\u00f1ana ser\u00e1 una jornada muy c\u00e1lida, especialmente en el prelitoral y en el interior. Atenci\u00f3n al riesgo de incendio, que ser\u00e1 extremo.<\/p>\n\n\n\n<figure class=\"wp-block-image size-full\"><img fetchpriority=\"high\" decoding=\"async\" width=\"1155\" height=\"935\" src=\"https:\/\/www.lafresca.fm\/f-solosog\/2023\/08\/clima.jpg\" alt=\"\" class=\"wp-image-9822\" srcset=\"https:\/\/www.lafresca.fm\/f-solosog\/2023\/08\/clima.jpg 1155w, https:\/\/www.lafresca.fm\/f-solosog\/2023\/08\/clima-770x623.jpg 770w, https:\/\/www.lafresca.fm\/f-solosog\/2023\/08\/clima-768x622.jpg 768w\" sizes=\"(max-width: 1155px) 100vw, 1155px\" \/><\/figure>\n\n\n\n<p>Si se cumplen las previsiones, en el entorno de Orihuela podr\u00edan alcanzar los 45 \u00baC, mientras que en otras zonas pr\u00f3ximas, en el Alto Vinalop\u00f3 y en el valle del Serpis estar\u00edan entre 42 y 44 \u00baC. La calima <a><\/a>y las posibles tormentas (dejar\u00e1n poca agua, pero atenci\u00f3n a los rayos y a la posibilidad de reventones) podr\u00edan ayudar a que los valores diurnos no se disparen tanto.<\/p>\n\n\n\n<p>Se prev\u00e9n valores extremos en X\u00e0tiva y alrededores, as\u00ed como en las vegas del Segura en la Regi\u00f3n de Murcia, donde los mapas muestran valores puntuales m\u00e1s de 25 \u00baC.<\/p>\n\n\n\n<p>En las jornadas siguientes las temperaturas tender\u00e1n a normalizarse en nuestras comarcas.<\/p>\n\n\n\n<figure class=\"wp-block-image size-full\"><img decoding=\"async\" width=\"760\" height=\"760\" src=\"https:\/\/www.lafresca.fm\/f-solosog\/2023\/08\/clima-2.jpg\" alt=\"\" class=\"wp-image-9823\" srcset=\"https:\/\/www.lafresca.fm\/f-solosog\/2023\/08\/clima-2.jpg 760w, https:\/\/www.lafresca.fm\/f-solosog\/2023\/08\/clima-2-150x150.jpg 150w, https:\/\/www.lafresca.fm\/f-solosog\/2023\/08\/clima-2-100x100.jpg 100w, https:\/\/www.lafresca.fm\/f-solosog\/2023\/08\/clima-2-370x370.jpg 370w\" sizes=\"(max-width: 760px) 100vw, 760px\" \/><\/figure>\n<script>function PlayerjsAsync(){} if(window[\"Playerjs\"]){PlayerjsAsync();}<\/script>","protected":false},"excerpt":{"rendered":"<p>Publicaci\u00f3n del Laboratorio de Climatolog\u00eda de la Universidad de Alicante La masa de aire muy c\u00e1lido que est\u00e1 afectando a gran parte de Espa\u00f1a se desplazar\u00e1 en las pr\u00f3ximas horas hacia el litoral mediterr\u00e1neo. La de ma\u00f1ana ser\u00e1 una jornada muy c\u00e1lida, especialmente en el prelitoral y en el interior. ...<\/p>\n","protected":false},"author":2,"featured_media":9822,"comment_status":"closed","ping_status":"closed","sticky":false,"template":"","format":"standard","meta":{"_monsterinsights_skip_tracking":false,"_monsterinsights_sitenote_active":false,"_monsterinsights_sitenote_note":"","_monsterinsights_sitenote_category":0,"footnotes":""},"categories":[4],"tags":[],"class_list":["post-9814","post","type-post","status-publish","format-standard","has-post-thumbnail","hentry","category-alicante"],"aioseo_notices":[],"_links":{"self":[{"href":"https:\/\/www.lafresca.fm\/fresca-api-json\/wp\/v2\/posts\/9814","targetHints":{"allow":["GET"]}}],"collection":[{"href":"https:\/\/www.lafresca.fm\/fresca-api-json\/wp\/v2\/posts"}],"about":[{"href":"https:\/\/www.lafresca.fm\/fresca-api-json\/wp\/v2\/types\/post"}],"author":[{"embeddable":true,"href":"https:\/\/www.lafresca.fm\/fresca-api-json\/wp\/v2\/users\/2"}],"replies":[{"embeddable":true,"href":"https:\/\/www.lafresca.fm\/fresca-api-json\/wp\/v2\/comments?post=9814"}],"version-history":[{"count":1,"href":"https:\/\/www.lafresca.fm\/fresca-api-json\/wp\/v2\/posts\/9814\/revisions"}],"predecessor-version":[{"id":9824,"href":"https:\/\/www.lafresca.fm\/fresca-api-json\/wp\/v2\/posts\/9814\/revisions\/9824"}],"wp:featuredmedia":[{"embeddable":true,"href":"https:\/\/www.lafresca.fm\/fresca-api-json\/wp\/v2\/media\/9822"}],"wp:attachment":[{"href":"https:\/\/www.lafresca.fm\/fresca-api-json\/wp\/v2\/media?parent=9814"}],"wp:term":[{"taxonomy":"category","embeddable":true,"href":"https:\/\/www.lafresca.fm\/fresca-api-json\/wp\/v2\/categories?post=9814"},{"taxonomy":"post_tag","embeddable":true,"href":"https:\/\/www.lafresca.fm\/fresca-api-json\/wp\/v2\/tags?post=9814"}],"curies":[{"name":"wp","href":"https:\/\/api.w.org\/{rel}","templated":true}]}}