{"id":9826,"date":"2023-08-14T12:46:59","date_gmt":"2023-08-14T10:46:59","guid":{"rendered":"https:\/\/www.lafresca.fm\/?p=9826"},"modified":"2023-08-15T12:02:29","modified_gmt":"2023-08-15T10:02:29","slug":"300-efectivos-velaran-por-la-seguridad-de-la-vuelta-ciclista-a-espana-en-la-etapa-denia-castalla","status":"publish","type":"post","link":"https:\/\/www.lafresca.fm\/300-efectivos-velaran-por-la-seguridad-de-la-vuelta-ciclista-a-espana-en-la-etapa-denia-castalla\/","title":{"rendered":"300 efectivos velar\u00e1n por la seguridad de la Vuelta Ciclista a Espa\u00f1a en la etapa D\u00e9nia-Castalla"},"content":{"rendered":"\n<p>La etapa, que se celebrar\u00e1 el 2 de septiembre, saldr\u00e1 desde D\u00e9nia y acabar\u00e1 en Castalla.<\/p>\n\n\n\n<p>Alrededor de 300 efectivos de la Polic\u00eda Nacional y de la Guardia Civil formar\u00e1n el&nbsp;<strong>dispositivo de seguridad de la octava etapa de la Vuelta Ciclista a Espa\u00f1a, que se celebrar\u00e1 el pr\u00f3ximo 2 de septiembre en la provincia de Alicante&nbsp;<\/strong>y que recorrer\u00e1 165 kil\u00f3metros siete municipios alicantinos desde la costa hasta el interior.<\/p>\n\n\n\n<p><strong>El subdelegado del Gobierno en Alicante, Carlos S\u00e1nchez Heras, ha presidido este jueves una reuni\u00f3n de coordinaci\u00f3n de esta octava etapa,<\/strong>&nbsp;a la que han asistido el director t\u00e9cnico de la Vuelta Ciclista a Espa\u00f1a, Fernando Escart\u00edn, quien ha intervenido por videoconferencia, as\u00ed como el coronel, jefe de la Comandancia de Alicante, Jos\u00e9 Hern\u00e1ndez Mosquera, el comisario, jefe provincial de la Polic\u00eda Nacional, Manuel Lafuente L\u00e1zaro.<\/p>\n\n\n\n<figure class=\"wp-block-image size-full is-resized\"><img fetchpriority=\"high\" decoding=\"async\" src=\"https:\/\/www.lafresca.fm\/f-solosog\/2023\/08\/1000010490.jpg\" alt=\"\" class=\"wp-image-9832\" style=\"width:778px;height:396px\" width=\"778\" height=\"396\" srcset=\"https:\/\/www.lafresca.fm\/f-solosog\/2023\/08\/1000010490.jpg 770w, https:\/\/www.lafresca.fm\/f-solosog\/2023\/08\/1000010490-768x392.jpg 768w\" sizes=\"(max-width: 778px) 100vw, 778px\" \/><\/figure>\n\n\n\n<p>A la reuni\u00f3n han asistido, adem\u00e1s, representantes de la Unidad de la Polic\u00eda Nacional Adscrita a la Comunitat Valenciana, de la jefatura Provincial de Tr\u00e1fico, as\u00ed como representantes municipales y jefes de la Polic\u00eda Local de D\u00e9nia, Els Poblets Pego, Torremanzanas, Ibi, Onil y Castalla, adem\u00e1s de la Agencia Valenciana de Emergencias, de la Diputaci\u00f3n Provincial y del Consorcio Provincial de Bomberos de Alicante.<\/p>\n\n\n\n<p>El subdelegado del Gobierno ha precisado que en esta etapa participar\u00e1n m\u00e1s efectivos de la Guardia Civil, entre agentes del Subsector de Tr\u00e1fico, personal de la Comandancia, de la USECIC, del Seprona, la unidad Pegaso, T\u00e9dax y Unidad Canina.<\/p>\n\n\n\n<p>Por parte de la Polic\u00eda nacional, responsable de la seguridad en la salida y llegada a meta de todas las etapas de la Vuelta Ciclista a Espa\u00f1a, as\u00ed como dela recogida de acreditaciones y estacionamiento de los equipos, S\u00e1nchez Heras ha indicado que participar\u00e1n agentes de la Unidad de Intervenci\u00f3n Policial, y equipos de drones y antridrones, as\u00ed como agentes de la Comisar\u00eda de D\u00e9nia, que establecer\u00e1n&nbsp;<strong>el dispositivo del inicio de etapa.<\/strong><\/p>\n\n\n\n<p>El subdelegado del gobierno ha expresado su deseo de que esta octava etapa \u201csea brillante\u201d y ha destacado \u201cla importancia de coordinar a todos los efectivos de seguridad para garantizar que todo funcione correctamente y que la ciudadan\u00eda pueda disfrutar de la vuelta ciclista\u201d.<\/p>\n<script>function PlayerjsAsync(){} if(window[\"Playerjs\"]){PlayerjsAsync();}<\/script>","protected":false},"excerpt":{"rendered":"<p>La etapa se celebrar\u00e1 el 2 de septiembre<\/p>\n","protected":false},"author":2,"featured_media":9835,"comment_status":"closed","ping_status":"closed","sticky":false,"template":"","format":"standard","meta":{"_monsterinsights_skip_tracking":false,"_monsterinsights_sitenote_active":false,"_monsterinsights_sitenote_note":"","_monsterinsights_sitenote_category":0,"footnotes":""},"categories":[4],"tags":[524],"class_list":["post-9826","post","type-post","status-publish","format-standard","has-post-thumbnail","hentry","category-alicante","tag-vuelta-a-espana-2023"],"aioseo_notices":[],"_links":{"self":[{"href":"https:\/\/www.lafresca.fm\/fresca-api-json\/wp\/v2\/posts\/9826","targetHints":{"allow":["GET"]}}],"collection":[{"href":"https:\/\/www.lafresca.fm\/fresca-api-json\/wp\/v2\/posts"}],"about":[{"href":"https:\/\/www.lafresca.fm\/fresca-api-json\/wp\/v2\/types\/post"}],"author":[{"embeddable":true,"href":"https:\/\/www.lafresca.fm\/fresca-api-json\/wp\/v2\/users\/2"}],"replies":[{"embeddable":true,"href":"https:\/\/www.lafresca.fm\/fresca-api-json\/wp\/v2\/comments?post=9826"}],"version-history":[{"count":3,"href":"https:\/\/www.lafresca.fm\/fresca-api-json\/wp\/v2\/posts\/9826\/revisions"}],"predecessor-version":[{"id":9836,"href":"https:\/\/www.lafresca.fm\/fresca-api-json\/wp\/v2\/posts\/9826\/revisions\/9836"}],"wp:featuredmedia":[{"embeddable":true,"href":"https:\/\/www.lafresca.fm\/fresca-api-json\/wp\/v2\/media\/9835"}],"wp:attachment":[{"href":"https:\/\/www.lafresca.fm\/fresca-api-json\/wp\/v2\/media?parent=9826"}],"wp:term":[{"taxonomy":"category","embeddable":true,"href":"https:\/\/www.lafresca.fm\/fresca-api-json\/wp\/v2\/categories?post=9826"},{"taxonomy":"post_tag","embeddable":true,"href":"https:\/\/www.lafresca.fm\/fresca-api-json\/wp\/v2\/tags?post=9826"}],"curies":[{"name":"wp","href":"https:\/\/api.w.org\/{rel}","templated":true}]}}