{"id":9891,"date":"2023-08-29T10:21:41","date_gmt":"2023-08-29T08:21:41","guid":{"rendered":"https:\/\/www.lafresca.fm\/?p=9891"},"modified":"2023-08-29T10:21:43","modified_gmt":"2023-08-29T08:21:43","slug":"el-consorcio-crea-gestionara-el-ecoparque-de-onil-desde-este-viernes-1-de-septiembre","status":"publish","type":"post","link":"https:\/\/www.lafresca.fm\/el-consorcio-crea-gestionara-el-ecoparque-de-onil-desde-este-viernes-1-de-septiembre\/","title":{"rendered":"El Consorcio CREA gestionar\u00e1 el Ecoparque de Onil desde este viernes 1 de septiembre"},"content":{"rendered":"\n<p>&nbsp;<strong>Este ecoparque se integrar\u00e1 as\u00ed en la red de ecoparques del consorcio<\/strong><\/p>\n\n\n\n<p><strong>El Consorcio CREA informatizar\u00e1, modernizar\u00e1 y remodelar\u00e1 el ecoparque para dar el mejor servicio posible a la ciudadan\u00eda<\/strong><\/p>\n\n\n\n<p>El Ayuntamiento de Onil ha aprobado la cesi\u00f3n del ecoparque de la localidad al Consorcio CREA en su \u00faltimo pleno de agosto. Se cumple as\u00ed con los requerimientos de la normativa vigente que indica que la gesti\u00f3n de los ecoparques en la Comunitat Valenciana ha de ser supramunicipal.<\/p>\n\n\n\n<figure class=\"wp-block-image size-large\"><img fetchpriority=\"high\" decoding=\"async\" width=\"1170\" height=\"612\" src=\"https:\/\/www.lafresca.fm\/f-solosog\/2023\/08\/Ecoparque-Onil-1170x612.jpeg\" alt=\"\" class=\"wp-image-9892\" srcset=\"https:\/\/www.lafresca.fm\/f-solosog\/2023\/08\/Ecoparque-Onil-1170x612.jpeg 1170w, https:\/\/www.lafresca.fm\/f-solosog\/2023\/08\/Ecoparque-Onil-770x403.jpeg 770w, https:\/\/www.lafresca.fm\/f-solosog\/2023\/08\/Ecoparque-Onil-768x402.jpeg 768w, https:\/\/www.lafresca.fm\/f-solosog\/2023\/08\/Ecoparque-Onil-1536x804.jpeg 1536w, https:\/\/www.lafresca.fm\/f-solosog\/2023\/08\/Ecoparque-Onil.jpeg 1599w\" sizes=\"(max-width: 1170px) 100vw, 1170px\" \/><\/figure>\n\n\n\n<p>Con ello, desde el pr\u00f3ximo viernes, 1 de septiembre, la gesti\u00f3n del ecoparque de Onil pasar\u00e1 a manos del Consorcio de residuos CREA, integrando la instalaci\u00f3n a la red consorciada de ecoparques del \u00e1rea, actualmente formada por los ecoparques de Banyeres de Mariola, Beneixama, Elda, Petrer, Salinas y Sax, junto con tres ecoparques m\u00f3viles que prestan servicio a los 14 ayuntamientos que forman parte del consorcio.<\/p>\n\n\n\n<p>A partir de ese d\u00eda el Consorcio CREA, adem\u00e1s de gestionar la instalaci\u00f3n, iniciar\u00e1 las labores de informatizaci\u00f3n y automatizaci\u00f3n del ecoparque, as\u00ed como las obras necesarias para su completa modernizaci\u00f3n y remodelaci\u00f3n.<\/p>\n\n\n\n<p>El equipamiento de informatizaci\u00f3n y automatizaci\u00f3n permitir\u00e1 tener un seguimiento absoluto y en tiempo real de las entradas de residuos, as\u00ed como la cantidad y la tipolog\u00eda de residuos aportados, salidas de residuos para tratamiento por gestor autorizado, etc. De esta forma, la red consorciada de ecoparques se ir\u00e1 consolidando como una de las m\u00e1s modernas y completas de la Comunitat Valenciana.<\/p>\n\n\n\n<p><strong>S\u00e9ptimo ecoparque fijo de la red consorciada<\/strong><\/p>\n\n\n\n<p>Este ecoparque ser\u00e1 el s\u00e9ptimo ecoparque fijo de la red consorciada y, despu\u00e9s del proceso de remodelaci\u00f3n integral, reunir\u00e1 todas las caracter\u00edsticas t\u00e9cnicas de \u00faltima generaci\u00f3n para este tipo de instalaciones, as\u00ed como todos los requerimientos t\u00e9cnicos establecidos en la normativa vigente.<\/p>\n\n\n\n<p>Cabe destacar que los ecoparques, como el de Onil, son instalaciones b\u00e1sicas y totalmente necesarias para posibilitar una gesti\u00f3n sostenible y eficiente de los residuos. En los ecoparques se pueden depositar una gran variedad de residuos que no pueden ser depositados en los contenedores disponibles en la v\u00eda p\u00fablica posibilitando, con ello, que los residuos generados en los hogares puedan ser tratados adecuadamente por gestores autorizados.<\/p>\n\n\n\n<p>El alcalde de Onil, Jaime Pascual, ha manifestado su satisfacci\u00f3n de que el ecoparque del municipio \u201cforme parte de la red de ecoparques del Consorcio CREA. Creemos firmemente que es una mejora del servicio y de atenci\u00f3n a todos los vecinos de Onil y sobre todo una mejora que van a poder comprobar muy pronto\u201d.<\/p>\n\n\n\n<p>Por su parte, el presidente del Consorcio CREA, Fulgencio Cerd\u00e1n, ha destacado que esta ampliaci\u00f3n de la red consorciada de ecoparques \u201ces muy necesaria y beneficiosa para la ciudadan\u00eda, puesto que permite ofrecer un servicio universal m\u00e1s completo y vers\u00e1til en toda nuestra \u00e1rea de gesti\u00f3n. Compartiendo entre todos los servicios de ecoparques, ofrecemos a los usuarios una completa y moderna red de ecoparques en diversos municipios, todos ellos a su disposici\u00f3n, y con un menor coste de gesti\u00f3n\u201d.<\/p>\n\n\n\n<p>El Consorcio CREA es la entidad p\u00fablica responsable del tratamiento, valorizaci\u00f3n y eliminaci\u00f3n de los residuos generados en los 14 municipios del Plan Zonal 8, \u00c1rea de Gesti\u00f3n A3 (comarcas del Alto y Medio Vinalop\u00f3 y l\u2019Alcoi\u00e0): Banyeres de Mariola, Beneixama, Biar, Campo de Mirra, Ca\u00f1ada, Castalla, Elda, Mon\u00f3var, Onil, Petrer, Pinoso, Salinas, Sax y Villena. Junto a estas 14 entidades locales, son miembros del Consorcio CREA, la Generalitat Valenciana y la Diputaci\u00f3n Provincial de Alicante.<\/p>\n<script>function PlayerjsAsync(){} if(window[\"Playerjs\"]){PlayerjsAsync();}<\/script>","protected":false},"excerpt":{"rendered":"<p>El Ayuntamiento ha aprobado la cesi\u00f3n del ecoparque al Consorcio CREA en su \u00faltimo pleno de agosto<\/p>\n","protected":false},"author":2,"featured_media":9892,"comment_status":"closed","ping_status":"closed","sticky":false,"template":"","format":"standard","meta":{"_monsterinsights_skip_tracking":false,"_monsterinsights_sitenote_active":false,"_monsterinsights_sitenote_note":"","_monsterinsights_sitenote_category":0,"footnotes":""},"categories":[4],"tags":[531,133],"class_list":["post-9891","post","type-post","status-publish","format-standard","has-post-thumbnail","hentry","category-alicante","tag-ecoparque-onil","tag-onil"],"aioseo_notices":[],"_links":{"self":[{"href":"https:\/\/www.lafresca.fm\/fresca-api-json\/wp\/v2\/posts\/9891","targetHints":{"allow":["GET"]}}],"collection":[{"href":"https:\/\/www.lafresca.fm\/fresca-api-json\/wp\/v2\/posts"}],"about":[{"href":"https:\/\/www.lafresca.fm\/fresca-api-json\/wp\/v2\/types\/post"}],"author":[{"embeddable":true,"href":"https:\/\/www.lafresca.fm\/fresca-api-json\/wp\/v2\/users\/2"}],"replies":[{"embeddable":true,"href":"https:\/\/www.lafresca.fm\/fresca-api-json\/wp\/v2\/comments?post=9891"}],"version-history":[{"count":1,"href":"https:\/\/www.lafresca.fm\/fresca-api-json\/wp\/v2\/posts\/9891\/revisions"}],"predecessor-version":[{"id":9893,"href":"https:\/\/www.lafresca.fm\/fresca-api-json\/wp\/v2\/posts\/9891\/revisions\/9893"}],"wp:featuredmedia":[{"embeddable":true,"href":"https:\/\/www.lafresca.fm\/fresca-api-json\/wp\/v2\/media\/9892"}],"wp:attachment":[{"href":"https:\/\/www.lafresca.fm\/fresca-api-json\/wp\/v2\/media?parent=9891"}],"wp:term":[{"taxonomy":"category","embeddable":true,"href":"https:\/\/www.lafresca.fm\/fresca-api-json\/wp\/v2\/categories?post=9891"},{"taxonomy":"post_tag","embeddable":true,"href":"https:\/\/www.lafresca.fm\/fresca-api-json\/wp\/v2\/tags?post=9891"}],"curies":[{"name":"wp","href":"https:\/\/api.w.org\/{rel}","templated":true}]}}