{"id":9910,"date":"2023-08-31T17:35:57","date_gmt":"2023-08-31T15:35:57","guid":{"rendered":"https:\/\/www.lafresca.fm\/?p=9910"},"modified":"2023-08-31T17:35:58","modified_gmt":"2023-08-31T15:35:58","slug":"la-provincia-acoge-este-sabado-el-paso-de-la-vuelta-con-final-en-el-alto-del-xorret-de-cati","status":"publish","type":"post","link":"https:\/\/www.lafresca.fm\/la-provincia-acoge-este-sabado-el-paso-de-la-vuelta-con-final-en-el-alto-del-xorret-de-cati\/","title":{"rendered":"La provincia acoge este s\u00e1bado el paso de La Vuelta con final en el alto del Xorret de Cat\u00ed"},"content":{"rendered":"\n<p>La Costa Blanca ultima los preparativos para acoger este s\u00e1bado 2 de septiembre el paso de la 78 edici\u00f3n de la Vuelta Ciclista a Espa\u00f1a. Figuras de la talla de Remco Evenepoel, ganador de la prueba en 2022, Primoz Roglic, vencedor del \u00faltimo Giro d&#8217;Italia, Jonas Vingegaard, reciente campe\u00f3n del Tour, o los espa\u00f1oles Juan Ayuso, Mikel Landa y Enric Mas se dar\u00e1n cita en esta jornada deportiva que, un a\u00f1o m\u00e1s, regresa a la provincia gracias al respaldo de la Diputaci\u00f3n de Alicante.<\/p>\n\n\n\n<p>\u201cLa Vuelta es un acontecimiento \u00fanico desde el punto de vista deportivo, pero tambi\u00e9n los es en materia tur\u00edstica y econ\u00f3mica. Por ello, conscientes de la importancia que tiene para nuestros municipios, desde la instituci\u00f3n provincial nos volcamos edici\u00f3n tras edici\u00f3n con este evento que, adem\u00e1s, nos ha ayudado a consolidar a nuestra tierra como un destino ciclista de primer nivel\u201d, ha manifestado el presidente, Toni P\u00e9rez.<\/p>\n\n\n\n<p>La octava etapa de La Vuelta partir\u00e1 este s\u00e1bado a mediod\u00eda en la calle Bellavista de D\u00e9nia, junto a la Explanada Cervantes, desde donde realizar\u00e1 un recorrido por las zonas y barrios m\u00e1s representativos de la ciudad. All\u00ed, vecinos, turistas y aficionados podr\u00e1n ver de cerca a los mejores ciclistas del mundo y vivir la emoci\u00f3n previa a la salida de la carrera, rodeados de un ambiente \u00fanico.<\/p>\n\n\n\n<p>Tras su paso por D\u00e9nia, el pelot\u00f3n recorrer\u00e1 otros municipios alicantinos como Els Poblets, Pego, Tollos, Fageca, Quatretondeta, Gorga, Benilloba, Benifallim, La Torre de les Ma\u00e7anes, Ibi y Onil. En total, 165 kil\u00f3metros de espect\u00e1culo e intensidad que culminar\u00e1n en uno de los enclaves m\u00e1s emblem\u00e1ticos de la provincia, el alto de Xorret de Cat\u00ed, en Castalla, un exigente puerto de monta\u00f1a que se ha convertido en un cl\u00e1sico de la ronda espa\u00f1ola por el encanto de su entorno y la dureza de su ascenso.<\/p>\n\n\n\n<p>Adem\u00e1s de por la belleza de su trazado, que a\u00fana mar y monta\u00f1a, dos de los principales atractivos tur\u00edsticos de la Costa Blanca, esta jornada deportiva tendr\u00e1 un car\u00e1cter especial, ya que discurrir\u00e1 por algunas de las localidades que el pasado verano se vieron asoladas por el incendio declarado en las zonas de La Vall d&#8217;Ebo y la Vall de Seta.<\/p>\n\n\n\n<p>Promoci\u00f3n Costa Blanca<\/p>\n\n\n\n<p>Consciente del impacto medi\u00e1tico de la Vuelta Ciclista a Espa\u00f1a, el Patronato Costa Blanca aprovechar\u00e1 la carrera para promocionar la oferta tur\u00edstica de la provincia. En este sentido, el organismo aut\u00f3nomo de la Diputaci\u00f3n de Alicante instalar\u00e1 treinta metros de vallas perimetrales que se ubicar\u00e1n en los primeros y \u00faltimos tramos del trazado. \u201cEsta acci\u00f3n nos permitir\u00e1 difundir nuestra imagen, no solo en Espa\u00f1a sino tambi\u00e9n en el \u00e1mbito internacional, ya que nos garantiza la retransmisi\u00f3n televisiva en las zonas m\u00e1s trascendentales de la etapa: la salida y la llegada\u201d, ha explicado el presidente.<\/p>\n\n\n\n<p>Adem\u00e1s, durante la jornada, el Patronato contar\u00e1 con un punto de informaci\u00f3n tur\u00edstica ubicado en D\u00e9nia, en el espacio \u2018Punto de Encuentro\u2019, desde donde repartir\u00e1 merchandising y material promocional de la provincia, y realizar\u00e1 una amplia cobertura del evento a trav\u00e9s de sus redes sociales.<\/p>\n<script>function PlayerjsAsync(){} if(window[\"Playerjs\"]){PlayerjsAsync();}<\/script>","protected":false},"excerpt":{"rendered":"<p>Tambi\u00e9n tendr\u00e1 paso por Ibi y Onil<\/p>\n","protected":false},"author":2,"featured_media":9911,"comment_status":"closed","ping_status":"closed","sticky":false,"template":"","format":"standard","meta":{"_monsterinsights_skip_tracking":false,"_monsterinsights_sitenote_active":false,"_monsterinsights_sitenote_note":"","_monsterinsights_sitenote_category":0,"footnotes":""},"categories":[4],"tags":[534],"class_list":["post-9910","post","type-post","status-publish","format-standard","has-post-thumbnail","hentry","category-alicante","tag-lavuelta"],"aioseo_notices":[],"_links":{"self":[{"href":"https:\/\/www.lafresca.fm\/fresca-api-json\/wp\/v2\/posts\/9910","targetHints":{"allow":["GET"]}}],"collection":[{"href":"https:\/\/www.lafresca.fm\/fresca-api-json\/wp\/v2\/posts"}],"about":[{"href":"https:\/\/www.lafresca.fm\/fresca-api-json\/wp\/v2\/types\/post"}],"author":[{"embeddable":true,"href":"https:\/\/www.lafresca.fm\/fresca-api-json\/wp\/v2\/users\/2"}],"replies":[{"embeddable":true,"href":"https:\/\/www.lafresca.fm\/fresca-api-json\/wp\/v2\/comments?post=9910"}],"version-history":[{"count":1,"href":"https:\/\/www.lafresca.fm\/fresca-api-json\/wp\/v2\/posts\/9910\/revisions"}],"predecessor-version":[{"id":9912,"href":"https:\/\/www.lafresca.fm\/fresca-api-json\/wp\/v2\/posts\/9910\/revisions\/9912"}],"wp:featuredmedia":[{"embeddable":true,"href":"https:\/\/www.lafresca.fm\/fresca-api-json\/wp\/v2\/media\/9911"}],"wp:attachment":[{"href":"https:\/\/www.lafresca.fm\/fresca-api-json\/wp\/v2\/media?parent=9910"}],"wp:term":[{"taxonomy":"category","embeddable":true,"href":"https:\/\/www.lafresca.fm\/fresca-api-json\/wp\/v2\/categories?post=9910"},{"taxonomy":"post_tag","embeddable":true,"href":"https:\/\/www.lafresca.fm\/fresca-api-json\/wp\/v2\/tags?post=9910"}],"curies":[{"name":"wp","href":"https:\/\/api.w.org\/{rel}","templated":true}]}}